{"id":11972,"date":"2023-07-02T20:20:00","date_gmt":"2023-07-02T20:20:00","guid":{"rendered":"https:\/\/experience.transat.com\/parcs-naturels-meconnus-en-europe\/"},"modified":"2025-02-05T15:29:42","modified_gmt":"2025-02-05T20:29:42","slug":"parcs-naturels-meconnus-en-europe","status":"publish","type":"post","link":"https:\/\/experience.transat.com\/fr\/parcs-naturels-meconnus-en-europe\/","title":{"rendered":"Parcs naturels en Europe: 5 destinations m\u00e9connues"},"content":{"rendered":"\n<p><span lang=\"FR\">L&#8217;Europe regorge d&#8217;espaces naturels incroyables. Si les falaises d\u2019\u00c9cosse, les \u00e9tendues glac\u00e9es d&#8217;Islande et les cascades multiples de Croatie impr\u00e8gnent d\u00e9j\u00e0 la r\u00e9tine de nombreux voyageurs, d&#8217;autres parcs naturels en Europe restent m\u00e9connus du grand public. Voici 5 id\u00e9es pour voyager nature hors des sentiers battus.<\/span><\/p>\n\n\n\n<h2 class=\"wp-block-heading\" id=\"h-parc-les-hautes-fagnes-eifel-en-belgique\">Parc <span lang=\"FR\">Les Hautes Fagnes-Eifel en Belgique<\/span><\/h2>\n\n\n\n<figure class=\"wp-block-image alignwide size-large wp-image-19301\"><img decoding=\"async\" src=\"https:\/\/experience.transat.com\/wp-content\/uploads\/2018\/06\/Fagnes-belgique-parcs-naturels-europe-1.jpg\" alt=\"Fagnes, Belgique - Parcs naturels m\u00e9connus en Europe\" class=\"wp-image-19301\"\/><figcaption class=\"wp-element-caption\">Cr\u00e9dit photo: les Globe blogueurs<\/figcaption><\/figure>\n\n\n\n<p><span lang=\"FR\">Commen\u00e7ons par le <a href=\"https:\/\/botrange.be\/\" target=\"_blank\" rel=\"noreferrer noopener\">parc naturel des Hautes Fagnes\u2013Eifel<\/a> qui nous a fascin\u00e9, car il accueille la plus grande tourbi\u00e8re d&#8217;Europe. Ce paysage \u00e0 premi\u00e8re vue banal est extraordinaire si on s&#8217;y int\u00e9resse de pr\u00e8s. Cette zone humide accueille de nombreuses plantes tr\u00e8s sp\u00e9ciales. <\/span><\/p>\n\n\n\n<p><span lang=\"FR\">Le manque d&#8217;oxyg\u00e8ne des eaux stagnantes emp\u00eache le d\u00e9veloppement des champignons et bact\u00e9ries. \u00c0 cause de cela, les v\u00e9g\u00e9taux se d\u00e9composent tr\u00e8s lentement et se d\u00e9posent. Ce d\u00e9p\u00f4t est ce qu&#8217;on appelle la tourbe. Pr\u00e9lev\u00e9e et s\u00e9ch\u00e9e, elle f\u00fbt utilis\u00e9e pendant longtemps comme combustible. Des r\u00e9sineux, carex et linaigrettes apportent un peu de relief \u00e0 ce paysage difficile \u00e0 appr\u00e9hender sans un guide.<\/span><\/p>\n\n\n\n<h2 class=\"wp-block-heading\" id=\"h-la-suisse-tcheque-en-boheme-du-nord-un-des-plus-beaux-parcs-naturels-en-europe\"><span lang=\"FR\">La Suisse tch\u00e8que en Boh\u00eame du Nord<\/span>, un des plus beaux parcs naturels en Europe<\/h2>\n\n\n\n<figure class=\"wp-block-gallery alignwide has-nested-images columns-default is-cropped wp-block-gallery-1 is-layout-flex wp-block-gallery-is-layout-flex\">\n<figure class=\"wp-block-image size-large\"><img fetchpriority=\"high\" decoding=\"async\" width=\"1024\" height=\"577\" data-id=\"11955\" src=\"\/wp-content\/uploads\/2018\/06\/suisse-tcheque-boheme-du-nord-parcs-naturels-europe-2-1024x577.jpg\" alt=\"Boh\u00e8me du nord en R\u00e9publique tch\u00e8que\" class=\"wp-image-11955\" srcset=\"\/wp-content\/uploads\/2018\/06\/suisse-tcheque-boheme-du-nord-parcs-naturels-europe-2-1024x577.jpg 1024w, \/wp-content\/uploads\/2018\/06\/suisse-tcheque-boheme-du-nord-parcs-naturels-europe-2-300x169.jpg 300w, \/wp-content\/uploads\/2018\/06\/suisse-tcheque-boheme-du-nord-parcs-naturels-europe-2-768x433.jpg 768w, \/wp-content\/uploads\/2018\/06\/suisse-tcheque-boheme-du-nord-parcs-naturels-europe-2-180x100.jpg 180w, \/wp-content\/uploads\/2018\/06\/suisse-tcheque-boheme-du-nord-parcs-naturels-europe-2.jpg 1200w\" sizes=\"(max-width: 1024px) 100vw, 1024px\" \/><\/figure>\n\n\n\n<figure class=\"wp-block-image size-large\"><img decoding=\"async\" width=\"1024\" height=\"768\" data-id=\"11953\" src=\"\/wp-content\/uploads\/2018\/06\/suisse-tcheque-boheme-du-nord-parcs-naturels-europe-1-1024x768.jpg\" alt=\"Parc-nature de Boh\u00e8me du nord en R\u00e9publique tch\u00e8que\" class=\"wp-image-11953\" srcset=\"\/wp-content\/uploads\/2018\/06\/suisse-tcheque-boheme-du-nord-parcs-naturels-europe-1-1024x768.jpg 1024w, \/wp-content\/uploads\/2018\/06\/suisse-tcheque-boheme-du-nord-parcs-naturels-europe-1-300x225.jpg 300w, \/wp-content\/uploads\/2018\/06\/suisse-tcheque-boheme-du-nord-parcs-naturels-europe-1-768x576.jpg 768w, \/wp-content\/uploads\/2018\/06\/suisse-tcheque-boheme-du-nord-parcs-naturels-europe-1.jpg 1067w\" sizes=\"(max-width: 1024px) 100vw, 1024px\" \/><\/figure>\n<\/figure>\n\n\n\n<p><span lang=\"FR\">La R\u00e9publique tch\u00e8que est encore peu per\u00e7ue comme une destination nature. Il faut dire que la merveille qu&#8217;est Prague fait de l&#8217;ombre \u00e0 ses alentours. Pourtant \u00e0 moins de 2h de l\u00e0, le <a href=\"https:\/\/www.visitczechrepublic.com\/fr-FR\/4df02bf0-8a98-437e-9838-134d24dbd23e\/place\/c-bohemian-switzerland-national-park\" target=\"_blank\" rel=\"noreferrer noopener\">parc national de Suisse tch\u00e8que<\/a> poss\u00e8de des paysages \u00e0 couper le souffle parmi les parcs naturels d&#8217;Europe. <\/span><\/p>\n\n\n\n<p><span lang=\"FR\">For\u00eats immenses, falaises de gr\u00e8s, arches et autres curiosit\u00e9s rocheuses font de ce parc un bijou pour les amoureux de la nature. Le climat doux permet d&#8217;y randonner sans difficult\u00e9. Quand la brume s&#8217;emm\u00eale, la f\u00e9erie de ces d\u00e9cors est telle qu&#8217;elle a s\u00e9duit les r\u00e9alisateurs du monde de Narnia.<\/span><\/p>\n\n\n\n<h2 class=\"wp-block-heading\" id=\"h-parc-naturel-d-els-ports-en-catalogne\">Parc naturel d&#8217;<span lang=\"FR\">Els Ports en Catalogne<\/span><\/h2>\n\n\n\n<figure class=\"wp-block-gallery alignwide has-nested-images columns-default is-cropped wp-block-gallery-2 is-layout-flex wp-block-gallery-is-layout-flex\">\n<figure class=\"wp-block-image size-large\"><img decoding=\"async\" width=\"1024\" height=\"768\" data-id=\"11959\" src=\"\/wp-content\/uploads\/2018\/06\/els-port-espagne-parcs-naturels-europe-2-1024x768.jpg\" alt=\"Parc naturel d'Els Ports en Catalogne\" class=\"wp-image-11959\" srcset=\"\/wp-content\/uploads\/2018\/06\/els-port-espagne-parcs-naturels-europe-2-1024x768.jpg 1024w, \/wp-content\/uploads\/2018\/06\/els-port-espagne-parcs-naturels-europe-2-300x225.jpg 300w, \/wp-content\/uploads\/2018\/06\/els-port-espagne-parcs-naturels-europe-2-768x576.jpg 768w, \/wp-content\/uploads\/2018\/06\/els-port-espagne-parcs-naturels-europe-2.jpg 1067w\" sizes=\"(max-width: 1024px) 100vw, 1024px\" \/><\/figure>\n\n\n\n<figure class=\"wp-block-image size-large\"><img loading=\"lazy\" decoding=\"async\" width=\"1024\" height=\"768\" data-id=\"11957\" src=\"\/wp-content\/uploads\/2018\/06\/els-port-espagne-parcs-naturels-europe-1-1024x768.jpg\" alt=\"Parc naturel d'Els Ports en Catalogne\" class=\"wp-image-11957\" srcset=\"\/wp-content\/uploads\/2018\/06\/els-port-espagne-parcs-naturels-europe-1-1024x768.jpg 1024w, \/wp-content\/uploads\/2018\/06\/els-port-espagne-parcs-naturels-europe-1-300x225.jpg 300w, \/wp-content\/uploads\/2018\/06\/els-port-espagne-parcs-naturels-europe-1-768x576.jpg 768w, \/wp-content\/uploads\/2018\/06\/els-port-espagne-parcs-naturels-europe-1.jpg 1067w\" sizes=\"(max-width: 1024px) 100vw, 1024px\" \/><\/figure>\n<\/figure>\n\n\n\n<p><span lang=\"FR\">Au c\u0153ur de la Catalogne, dans les terres de l&#8217;Ebre, le <a href=\"https:\/\/www.catalunya.com\/parc-naturel-des-ports-17-17001-573555?language=fr\" target=\"_blank\" rel=\"noreferrer noopener\">parc naturel d&#8217;Els<\/a> ports ne se laisse pas dompter si facilement. Ses montagnes sortent de terre dans une plaine regorgeant de ch\u00eanes verts, pr\u00e9serv\u00e9s par des passionn\u00e9s qui d\u00e9fendent ce patrimoine inestimable.&nbsp;<\/span><\/p>\n\n\n\n<p><span lang=\"FR\">Depuis les cimes les plus hautes, de fabuleux miradors offrent une vue fascinante sur le delta de l&#8217;Ebre. Ici vous pouvez croiser des bouquetins. C\u00f4t\u00e9 flore, ce sont des for\u00eats de pins et de h\u00eatres qui sont autant de lieux parfaits pour randonner. La r\u00e9gion des terres de l&#8217;Ebre est tr\u00e8s int\u00e9ressante \u00e9galement sur le plan culturel, elle a \u00e9t\u00e9 class\u00e9e comme r\u00e9serve de biosph\u00e8re par l&#8217;UNESCO, titre qui r\u00e9compense les endroits sur terre o\u00f9 l&#8217;harmonie entre l&#8217;homme et la nature n&#8217;est plus \u00e0 prouver.<\/span><\/p>\n\n\n\n<h2 class=\"wp-block-heading\" id=\"h-le-parc-naturel-de-l-alentejano-au-portugal\"><span lang=\"FR\">Le parc naturel de l&#8217;Alentejano au Portugal<\/span><\/h2>\n\n\n\n<figure class=\"wp-block-image alignwide size-large wp-image-19289\"><img decoding=\"async\" src=\"https:\/\/experience.transat.com\/wp-content\/uploads\/2018\/06\/Alentejo-portugal-parcs-naturels-europe-1.jpg\" alt=\"Alentejo, Portugal - Plage et rochers\" class=\"wp-image-19289\"\/><figcaption class=\"wp-element-caption\">Cr\u00e9dit photo: les Globe blogueurs<\/figcaption><\/figure>\n\n\n\n<p><span lang=\"FR\">Si la r\u00e9putation de la <a href=\"https:\/\/experience.transat.com\/fr\/voyage-au-portugal-periple-de-liberte\/\" target=\"_blank\" rel=\"noreferrer noopener\">vall\u00e9e du Douro<\/a> ou des plages paradisiaques de l&#8217;Algarve n&#8217;est plus \u00e0 faire, le parc national de l&#8217;Alentejano demeure encore sous estim\u00e9. Pourtant ce sont des plages de sables blancs ou dor\u00e9s agr\u00e9ment\u00e9es de formations rocheuses photog\u00e9niques qui bordent tout le littoral de ce parc d&#8217;exception. <\/span><\/p>\n\n\n\n<p><span lang=\"FR\">Les dunes d&#8217;Almograve se tapissent de succulentes color\u00e9es ou plantes maritimes particuli\u00e8rement r\u00e9sistantes aux assauts du sel et du vent. \u00c0 d&#8217;autres endroits, la c\u00f4te se morcelle, devient plus hostile avec des falaises \u00e0 pics impressionnantes. <\/span><\/p>\n\n\n\n<p><span lang=\"FR\">Au Cabo Sardao, ce territoire min\u00e9ral accueille des nids de cigognes. C&#8217;est un ph\u00e9nom\u00e8ne quasi unique dans le monde qui m\u00e9rite \u00e0 lui seul le d\u00e9tour. Ne manquez pas d&#8217;observer les p\u00eacheurs locaux qui n&#8217;h\u00e9sitent pas \u00e0 affronter le fracas des vagues pour attraper quelques poissons.<\/span><\/p>\n\n\n\n<h2 class=\"wp-block-heading\" id=\"h-le-vallon-de-rechy-en-suisse\"><span lang=\"FR\">Le vallon de R\u00e9chy en Suisse<\/span><\/h2>\n\n\n\n<figure class=\"wp-block-gallery alignwide has-nested-images columns-default is-cropped wp-block-gallery-3 is-layout-flex wp-block-gallery-is-layout-flex\">\n<figure class=\"wp-block-image size-large\"><img loading=\"lazy\" decoding=\"async\" width=\"1024\" height=\"768\" data-id=\"11963\" src=\"\/wp-content\/uploads\/2018\/06\/Rechy-suisse-parcs-naturels-europe-2-1024x768.jpg\" alt=\"Le vallon de R\u00e9chy en Suisse\" class=\"wp-image-11963\" srcset=\"\/wp-content\/uploads\/2018\/06\/Rechy-suisse-parcs-naturels-europe-2-1024x768.jpg 1024w, \/wp-content\/uploads\/2018\/06\/Rechy-suisse-parcs-naturels-europe-2-300x225.jpg 300w, \/wp-content\/uploads\/2018\/06\/Rechy-suisse-parcs-naturels-europe-2-768x576.jpg 768w, \/wp-content\/uploads\/2018\/06\/Rechy-suisse-parcs-naturels-europe-2.jpg 1067w\" sizes=\"(max-width: 1024px) 100vw, 1024px\" \/><\/figure>\n\n\n\n<figure class=\"wp-block-image size-large\"><img loading=\"lazy\" decoding=\"async\" width=\"1024\" height=\"768\" data-id=\"11961\" src=\"\/wp-content\/uploads\/2018\/06\/Rechy-suisse-parcs-naturels-europe-1-1024x768.jpg\" alt=\"Le vallon de R\u00e9chy en Suisse\" class=\"wp-image-11961\" srcset=\"\/wp-content\/uploads\/2018\/06\/Rechy-suisse-parcs-naturels-europe-1-1024x768.jpg 1024w, \/wp-content\/uploads\/2018\/06\/Rechy-suisse-parcs-naturels-europe-1-300x225.jpg 300w, \/wp-content\/uploads\/2018\/06\/Rechy-suisse-parcs-naturels-europe-1-768x576.jpg 768w, \/wp-content\/uploads\/2018\/06\/Rechy-suisse-parcs-naturels-europe-1.jpg 1067w\" sizes=\"(max-width: 1024px) 100vw, 1024px\" \/><\/figure>\n<\/figure>\n\n\n\n<p><span lang=\"FR\">La <a href=\"https:\/\/experience.transat.com\/fr\/peregrinations-suisses-la-gruyere-cest-plus-que-du-fromage\/\" target=\"_blank\" rel=\"noreferrer noopener\">Suisse est incontestablement une destination nature<\/a> qui compte certains des plus beaux parcs naturels en Europe. Il est un lieu qui nous a particuli\u00e8rement plu, celui du vallon de R\u00e9chy. Dans ce vallon, \u00e0 plus de 2000 m\u00e8tres d&#8217;altitude, c&#8217;est une prairie fleurie, vein\u00e9e par d&#8217;innombrables m\u00e9andres et encercl\u00e9e de montagnes qui sont autant de terrains de jeux pour les marmottes, chamois et aigles. <\/span><\/p>\n\n\n\n<p><span lang=\"FR\">Au printemps, le tapis v\u00e9g\u00e9tal s&#8217;illumine de milles couleurs et c&#8217;est un paradis pour les botanistes. Les amoureux des grands espaces peuvent poursuivre encore davantage leur randonn\u00e9e pour trouver des panoramas grandioses au lac du Louch\u00e9. En redescendant au village de Vercorin, la balade devient culturelle puisqu&#8217;elle longe les traditionnels bisses. Typiquement suisses, ces installations permettaient d&#8217;amener l&#8217;eau l\u00e0 o\u00f9 on en avait besoin.<\/span><\/p>\n\n\n\n<h2 class=\"wp-block-heading\" id=\"h-la-camargue-en-france\"><span lang=\"FR\">La Camargue en France&nbsp; <\/span><\/h2>\n\n\n\n<figure class=\"wp-block-gallery alignwide has-nested-images columns-default is-cropped wp-block-gallery-4 is-layout-flex wp-block-gallery-is-layout-flex\">\n<figure class=\"wp-block-image size-large\"><img loading=\"lazy\" decoding=\"async\" width=\"1024\" height=\"683\" data-id=\"18348\" src=\"\/wp-content\/uploads\/2018\/06\/quoi-faire-en-camargue-1024x683.jpg\" alt=\"quoi faire en camargue\" class=\"wp-image-18348\" srcset=\"\/wp-content\/uploads\/2018\/06\/quoi-faire-en-camargue-1024x683.jpg 1024w, \/wp-content\/uploads\/2018\/06\/quoi-faire-en-camargue-300x200.jpg 300w, \/wp-content\/uploads\/2018\/06\/quoi-faire-en-camargue-768x512.jpg 768w, \/wp-content\/uploads\/2018\/06\/quoi-faire-en-camargue-1536x1024.jpg 1536w, \/wp-content\/uploads\/2018\/06\/quoi-faire-en-camargue-2048x1365.jpg 2048w\" sizes=\"(max-width: 1024px) 100vw, 1024px\" \/><\/figure>\n<\/figure>\n\n\n\n<p><span lang=\"FR\">Cette liste serait n\u00e9cessairement incompl\u00e8te sans un parc naturel de France. Ce pays pr\u00e9sente une diversit\u00e9 de paysages que l&#8217;on oublie parfois. <a href=\"http:\/\/www.parc-camargue.fr\/\" target=\"_blank\" rel=\"noreferrer noopener\">La Camargue<\/a> est remarquable, car, contrairement \u00e0 ce que l&#8217;on pourrait penser, c&#8217;est un territoire qui a \u00e9t\u00e9 enti\u00e8rement fa\u00e7onn\u00e9 par l&#8217;homme, mais il y r\u00e8gne une belle harmonie entre l&#8217;homme et la nature. <\/span><\/p>\n\n\n\n<p><span lang=\"FR\">Entour\u00e9e par les bras du Rh\u00f4ne, cette \u00eele pr\u00e9sente de nombreux paysages diversifi\u00e9s (prairies, zones humides, sansou\u00efres, rizi\u00e8res et bois). Les prairies sont entretenues par les taureaux et les chevaux camarguais et les salins exploit\u00e9s par l&#8217;Homme sont des refuges pour de nombreux oiseaux. <\/span><\/p>\n\n\n\n<p><span lang=\"FR\">C&#8217;est un paradis pour les ornithologues amateurs et les amoureux de belles lumi\u00e8res. Que ce soit sur l&#8217;\u00e9tang du Vaccar\u00e8s, face \u00e0 la mer ou dans les terres, la lumi\u00e8re est ici singuli\u00e8re et magnifique.<\/span><\/p>\n\n\n\n<div class=\"wp-block-buttons is-content-justification-center is-layout-flex wp-container-core-buttons-is-layout-16018d1d wp-block-buttons-is-layout-flex\">\n<div class=\"wp-block-button has-custom-width wp-block-button__width-75 has-custom-font-size is-style-outline is-style-outline--5\" style=\"font-size:22px;font-style:normal;font-weight:700\"><a class=\"wp-block-button__link has-white-background-color has-background has-text-align-center wp-element-button\" href=\"https:\/\/www.airtransat.com\/fr-CA\/europe\" style=\"border-radius:50px\" target=\"_blank\" rel=\"noreferrer noopener\">\u2708\ufe0f Envie de d\u00e9couvrir les merveilles naturelles d&#8217;Europe? R\u00e9servez un des nombreux vols directs au d\u00e9part de Montr\u00e9al!<\/a><\/div>\n<\/div>\n","protected":false},"excerpt":{"rendered":"<p>On retrouve une foule de parcs naturels en Europe dont certains m\u00e9connus du  public. Voici 5 destinations nature hors des sentiers battus!<\/p>\n","protected":false},"author":104,"featured_media":17655,"comment_status":"closed","ping_status":"open","sticky":false,"template":"","format":"standard","meta":{"_acf_changed":false,"footnotes":""},"categories":[],"tags":[],"destinations":[1980],"travel-themes":[2152],"segments":[],"class_list":["post-11972","post","type-post","status-publish","format-standard","has-post-thumbnail","hentry","destinations-europe","travel-themes-aventure"],"acf":[],"yoast_head":"<!-- This site is optimized with the Yoast SEO Premium plugin v22.4 (Yoast SEO v22.6) - https:\/\/yoast.com\/wordpress\/plugins\/seo\/ -->\n<title>Parcs naturels en Europe \u00e0 d\u00e9couvrir | #ExperienceTransat<\/title>\n<meta name=\"description\" content=\"On retrouve une foule de parcs naturels en Europe dont certains m\u00e9connus du public. Voici 5 destinations nature hors des sentiers battus!\" \/>\n<meta name=\"robots\" content=\"index, follow, max-snippet:-1, max-image-preview:large, max-video-preview:-1\" \/>\n<link rel=\"canonical\" href=\"https:\/\/experience.transat.com\/fr\/parcs-naturels-meconnus-en-europe\/\" \/>\n<meta property=\"og:locale\" content=\"fr_FR\" \/>\n<meta property=\"og:type\" content=\"article\" \/>\n<meta property=\"og:title\" content=\"5 parcs naturels m\u00e9connus en Europe | Exp\u00e9rience Transat\" \/>\n<meta property=\"og:description\" content=\"On retrouve une foule de parcs naturels en Europe dont certains m\u00e9connus du public. Voici 5 destinations nature hors des sentiers battus!\" \/>\n<meta property=\"og:url\" content=\"https:\/\/experience.transat.com\/fr\/parcs-naturels-meconnus-en-europe\/\" \/>\n<meta property=\"og:site_name\" content=\"Experience Transat\" \/>\n<meta property=\"article:author\" content=\"https:\/\/www.facebook.com\/globeblogueurs\/\" \/>\n<meta property=\"article:published_time\" content=\"2023-07-02T20:20:00+00:00\" \/>\n<meta property=\"article:modified_time\" content=\"2025-02-05T20:29:42+00:00\" \/>\n<meta property=\"og:image\" content=\"https:\/\/experience.transat.com\/wp-content\/uploads\/2018\/06\/Rechy-suisse-parcs-naturels-europe-2.jpg\" \/>\n<meta name=\"author\" content=\"S\u00e9bastien &amp; Laura\" \/>\n<meta name=\"twitter:card\" content=\"summary_large_image\" \/>\n<meta name=\"twitter:title\" content=\"5 parcs naturels m\u00e9connus en Europe | Exp\u00e9rience Transat\" \/>\n<meta name=\"twitter:image\" content=\"https:\/\/experience.transat.com\/wp-content\/uploads\/2018\/06\/Rechy-suisse-parcs-naturels-europe-2.jpg\" \/>\n<meta name=\"twitter:creator\" content=\"@https:\/\/twitter.com\/globeblogueurs\" \/>\n<meta name=\"twitter:label1\" content=\"Written by\" \/>\n\t<meta name=\"twitter:data1\" content=\"S\u00e9bastien &amp; Laura\" \/>\n\t<meta name=\"twitter:label2\" content=\"Est. reading time\" \/>\n\t<meta name=\"twitter:data2\" content=\"6 minutes\" \/>\n<script type=\"application\/ld+json\" class=\"yoast-schema-graph\">{\"@context\":\"https:\/\/schema.org\",\"@graph\":[{\"@type\":\"Article\",\"@id\":\"https:\/\/experience.transat.com\/fr\/parcs-naturels-meconnus-en-europe\/#article\",\"isPartOf\":{\"@id\":\"https:\/\/experience.transat.com\/fr\/parcs-naturels-meconnus-en-europe\/\"},\"author\":{\"name\":\"S\u00e9bastien &amp; Laura\",\"@id\":\"https:\/\/experience.transat.com\/#\/schema\/person\/409093530c1a0ba99c3a896524d6cf30\"},\"headline\":\"Parcs naturels en Europe: 5 destinations m\u00e9connues\",\"datePublished\":\"2023-07-02T20:20:00+00:00\",\"dateModified\":\"2025-02-05T20:29:42+00:00\",\"mainEntityOfPage\":{\"@id\":\"https:\/\/experience.transat.com\/fr\/parcs-naturels-meconnus-en-europe\/\"},\"wordCount\":955,\"publisher\":{\"@id\":\"https:\/\/experience.transat.com\/#organization\"},\"image\":{\"@id\":\"https:\/\/experience.transat.com\/fr\/parcs-naturels-meconnus-en-europe\/#primaryimage\"},\"thumbnailUrl\":\"\/wp-content\/uploads\/2023\/07\/Parcs-nature-Europe-Alpes-Alps-in-Europe-scaled.jpg\",\"inLanguage\":\"fr-FR\"},{\"@type\":\"WebPage\",\"@id\":\"https:\/\/experience.transat.com\/fr\/parcs-naturels-meconnus-en-europe\/\",\"url\":\"https:\/\/experience.transat.com\/fr\/parcs-naturels-meconnus-en-europe\/\",\"name\":\"Parcs naturels en Europe \u00e0 d\u00e9couvrir | #ExperienceTransat\",\"isPartOf\":{\"@id\":\"https:\/\/experience.transat.com\/#website\"},\"primaryImageOfPage\":{\"@id\":\"https:\/\/experience.transat.com\/fr\/parcs-naturels-meconnus-en-europe\/#primaryimage\"},\"image\":{\"@id\":\"https:\/\/experience.transat.com\/fr\/parcs-naturels-meconnus-en-europe\/#primaryimage\"},\"thumbnailUrl\":\"\/wp-content\/uploads\/2023\/07\/Parcs-nature-Europe-Alpes-Alps-in-Europe-scaled.jpg\",\"datePublished\":\"2023-07-02T20:20:00+00:00\",\"dateModified\":\"2025-02-05T20:29:42+00:00\",\"description\":\"On retrouve une foule de parcs naturels en Europe dont certains m\u00e9connus du public. Voici 5 destinations nature hors des sentiers battus!\",\"breadcrumb\":{\"@id\":\"https:\/\/experience.transat.com\/fr\/parcs-naturels-meconnus-en-europe\/#breadcrumb\"},\"inLanguage\":\"fr-FR\",\"potentialAction\":[{\"@type\":\"ReadAction\",\"target\":[\"https:\/\/experience.transat.com\/fr\/parcs-naturels-meconnus-en-europe\/\"]}]},{\"@type\":\"ImageObject\",\"inLanguage\":\"fr-FR\",\"@id\":\"https:\/\/experience.transat.com\/fr\/parcs-naturels-meconnus-en-europe\/#primaryimage\",\"url\":\"\/wp-content\/uploads\/2023\/07\/Parcs-nature-Europe-Alpes-Alps-in-Europe-scaled.jpg\",\"contentUrl\":\"\/wp-content\/uploads\/2023\/07\/Parcs-nature-Europe-Alpes-Alps-in-Europe-scaled.jpg\",\"width\":2560,\"height\":1707,\"caption\":\"Parcs nature Europe - Alpes - Alps in Europe\"},{\"@type\":\"BreadcrumbList\",\"@id\":\"https:\/\/experience.transat.com\/fr\/parcs-naturels-meconnus-en-europe\/#breadcrumb\",\"itemListElement\":[{\"@type\":\"ListItem\",\"position\":1,\"name\":\"Home\",\"item\":\"https:\/\/experience.transat.com\/fr\/accueil\/\"},{\"@type\":\"ListItem\",\"position\":2,\"name\":\"Parcs naturels en Europe: 5 destinations m\u00e9connues\"}]},{\"@type\":\"WebSite\",\"@id\":\"https:\/\/experience.transat.com\/#website\",\"url\":\"https:\/\/experience.transat.com\/\",\"name\":\"#ExperienceTransat\",\"description\":\"Welcome to the Experience Transat Blog. Find travel tips from our expert travellers for every Transat destination. Happy Travels!\",\"publisher\":{\"@id\":\"https:\/\/experience.transat.com\/#organization\"},\"potentialAction\":[{\"@type\":\"SearchAction\",\"target\":{\"@type\":\"EntryPoint\",\"urlTemplate\":\"https:\/\/experience.transat.com\/?s={search_term_string}\"},\"query-input\":\"required name=search_term_string\"}],\"inLanguage\":\"fr-FR\"},{\"@type\":\"Organization\",\"@id\":\"https:\/\/experience.transat.com\/#organization\",\"name\":\"#ExperienceTransat\",\"alternateName\":\"Air Transat Travel Blog\",\"url\":\"https:\/\/experience.transat.com\/\",\"logo\":{\"@type\":\"ImageObject\",\"inLanguage\":\"fr-FR\",\"@id\":\"https:\/\/experience.transat.com\/#\/schema\/logo\/image\/\",\"url\":\"\/wp-content\/uploads\/2023\/09\/cropped-Transat-logo.jpg\",\"contentUrl\":\"\/wp-content\/uploads\/2023\/09\/cropped-Transat-logo.jpg\",\"width\":2301,\"height\":657,\"caption\":\"#ExperienceTransat\"},\"image\":{\"@id\":\"https:\/\/experience.transat.com\/#\/schema\/logo\/image\/\"}},{\"@type\":\"Person\",\"@id\":\"https:\/\/experience.transat.com\/#\/schema\/person\/409093530c1a0ba99c3a896524d6cf30\",\"name\":\"S\u00e9bastien &amp; Laura\",\"image\":{\"@type\":\"ImageObject\",\"inLanguage\":\"fr-FR\",\"@id\":\"https:\/\/experience.transat.com\/#\/schema\/person\/image\/\",\"url\":\"https:\/\/experience.transat.com\/wp-content\/uploads\/2023\/04\/Sebastien-et-Laura.jpg\",\"contentUrl\":\"https:\/\/experience.transat.com\/wp-content\/uploads\/2023\/04\/Sebastien-et-Laura.jpg\",\"caption\":\"S\u00e9bastien &amp; Laura\"},\"description\":\"S\u00e9bastien and Laura are two intrepid travellers from France who decided to make a living from travel after a year-long trip across South America. One thing they're adamant about is responsible tourism, as early adopters of the zero waste movement. Their goal? To help other travellers discover our precious planet in the least impactful way.\",\"sameAs\":[\"https:\/\/lesglobeblogueurs.com\/\",\"https:\/\/www.facebook.com\/globeblogueurs\/\",\"https:\/\/x.com\/https:\/\/twitter.com\/globeblogueurs\"],\"url\":\"https:\/\/experience.transat.com\/fr\/author\/sebastien-laura\/\"}]}<\/script>\n<!-- \/ Yoast SEO Premium plugin. -->","yoast_head_json":{"title":"Parcs naturels en Europe \u00e0 d\u00e9couvrir | #ExperienceTransat","description":"On retrouve une foule de parcs naturels en Europe dont certains m\u00e9connus du public. Voici 5 destinations nature hors des sentiers battus!","robots":{"index":"index","follow":"follow","max-snippet":"max-snippet:-1","max-image-preview":"max-image-preview:large","max-video-preview":"max-video-preview:-1"},"canonical":"https:\/\/experience.transat.com\/fr\/parcs-naturels-meconnus-en-europe\/","og_locale":"fr_FR","og_type":"article","og_title":"5 parcs naturels m\u00e9connus en Europe | Exp\u00e9rience Transat","og_description":"On retrouve une foule de parcs naturels en Europe dont certains m\u00e9connus du public. Voici 5 destinations nature hors des sentiers battus!","og_url":"https:\/\/experience.transat.com\/fr\/parcs-naturels-meconnus-en-europe\/","og_site_name":"Experience Transat","article_author":"https:\/\/www.facebook.com\/globeblogueurs\/","article_published_time":"2023-07-02T20:20:00+00:00","article_modified_time":"2025-02-05T20:29:42+00:00","og_image":[{"url":"https:\/\/experience.transat.com\/wp-content\/uploads\/2018\/06\/Rechy-suisse-parcs-naturels-europe-2.jpg"}],"author":"S\u00e9bastien &amp; Laura","twitter_card":"summary_large_image","twitter_title":"5 parcs naturels m\u00e9connus en Europe | Exp\u00e9rience Transat","twitter_image":"https:\/\/experience.transat.com\/wp-content\/uploads\/2018\/06\/Rechy-suisse-parcs-naturels-europe-2.jpg","twitter_creator":"@https:\/\/twitter.com\/globeblogueurs","twitter_misc":{"Written by":"S\u00e9bastien &amp; Laura","Est. reading time":"6 minutes"},"schema":{"@context":"https:\/\/schema.org","@graph":[{"@type":"Article","@id":"https:\/\/experience.transat.com\/fr\/parcs-naturels-meconnus-en-europe\/#article","isPartOf":{"@id":"https:\/\/experience.transat.com\/fr\/parcs-naturels-meconnus-en-europe\/"},"author":{"name":"S\u00e9bastien &amp; Laura","@id":"https:\/\/experience.transat.com\/#\/schema\/person\/409093530c1a0ba99c3a896524d6cf30"},"headline":"Parcs naturels en Europe: 5 destinations m\u00e9connues","datePublished":"2023-07-02T20:20:00+00:00","dateModified":"2025-02-05T20:29:42+00:00","mainEntityOfPage":{"@id":"https:\/\/experience.transat.com\/fr\/parcs-naturels-meconnus-en-europe\/"},"wordCount":955,"publisher":{"@id":"https:\/\/experience.transat.com\/#organization"},"image":{"@id":"https:\/\/experience.transat.com\/fr\/parcs-naturels-meconnus-en-europe\/#primaryimage"},"thumbnailUrl":"\/wp-content\/uploads\/2023\/07\/Parcs-nature-Europe-Alpes-Alps-in-Europe-scaled.jpg","inLanguage":"fr-FR"},{"@type":"WebPage","@id":"https:\/\/experience.transat.com\/fr\/parcs-naturels-meconnus-en-europe\/","url":"https:\/\/experience.transat.com\/fr\/parcs-naturels-meconnus-en-europe\/","name":"Parcs naturels en Europe \u00e0 d\u00e9couvrir | #ExperienceTransat","isPartOf":{"@id":"https:\/\/experience.transat.com\/#website"},"primaryImageOfPage":{"@id":"https:\/\/experience.transat.com\/fr\/parcs-naturels-meconnus-en-europe\/#primaryimage"},"image":{"@id":"https:\/\/experience.transat.com\/fr\/parcs-naturels-meconnus-en-europe\/#primaryimage"},"thumbnailUrl":"\/wp-content\/uploads\/2023\/07\/Parcs-nature-Europe-Alpes-Alps-in-Europe-scaled.jpg","datePublished":"2023-07-02T20:20:00+00:00","dateModified":"2025-02-05T20:29:42+00:00","description":"On retrouve une foule de parcs naturels en Europe dont certains m\u00e9connus du public. Voici 5 destinations nature hors des sentiers battus!","breadcrumb":{"@id":"https:\/\/experience.transat.com\/fr\/parcs-naturels-meconnus-en-europe\/#breadcrumb"},"inLanguage":"fr-FR","potentialAction":[{"@type":"ReadAction","target":["https:\/\/experience.transat.com\/fr\/parcs-naturels-meconnus-en-europe\/"]}]},{"@type":"ImageObject","inLanguage":"fr-FR","@id":"https:\/\/experience.transat.com\/fr\/parcs-naturels-meconnus-en-europe\/#primaryimage","url":"\/wp-content\/uploads\/2023\/07\/Parcs-nature-Europe-Alpes-Alps-in-Europe-scaled.jpg","contentUrl":"\/wp-content\/uploads\/2023\/07\/Parcs-nature-Europe-Alpes-Alps-in-Europe-scaled.jpg","width":2560,"height":1707,"caption":"Parcs nature Europe - Alpes - Alps in Europe"},{"@type":"BreadcrumbList","@id":"https:\/\/experience.transat.com\/fr\/parcs-naturels-meconnus-en-europe\/#breadcrumb","itemListElement":[{"@type":"ListItem","position":1,"name":"Home","item":"https:\/\/experience.transat.com\/fr\/accueil\/"},{"@type":"ListItem","position":2,"name":"Parcs naturels en Europe: 5 destinations m\u00e9connues"}]},{"@type":"WebSite","@id":"https:\/\/experience.transat.com\/#website","url":"https:\/\/experience.transat.com\/","name":"#ExperienceTransat","description":"Welcome to the Experience Transat Blog. Find travel tips from our expert travellers for every Transat destination. Happy Travels!","publisher":{"@id":"https:\/\/experience.transat.com\/#organization"},"potentialAction":[{"@type":"SearchAction","target":{"@type":"EntryPoint","urlTemplate":"https:\/\/experience.transat.com\/?s={search_term_string}"},"query-input":"required name=search_term_string"}],"inLanguage":"fr-FR"},{"@type":"Organization","@id":"https:\/\/experience.transat.com\/#organization","name":"#ExperienceTransat","alternateName":"Air Transat Travel Blog","url":"https:\/\/experience.transat.com\/","logo":{"@type":"ImageObject","inLanguage":"fr-FR","@id":"https:\/\/experience.transat.com\/#\/schema\/logo\/image\/","url":"\/wp-content\/uploads\/2023\/09\/cropped-Transat-logo.jpg","contentUrl":"\/wp-content\/uploads\/2023\/09\/cropped-Transat-logo.jpg","width":2301,"height":657,"caption":"#ExperienceTransat"},"image":{"@id":"https:\/\/experience.transat.com\/#\/schema\/logo\/image\/"}},{"@type":"Person","@id":"https:\/\/experience.transat.com\/#\/schema\/person\/409093530c1a0ba99c3a896524d6cf30","name":"S\u00e9bastien &amp; Laura","image":{"@type":"ImageObject","inLanguage":"fr-FR","@id":"https:\/\/experience.transat.com\/#\/schema\/person\/image\/","url":"https:\/\/experience.transat.com\/wp-content\/uploads\/2023\/04\/Sebastien-et-Laura.jpg","contentUrl":"https:\/\/experience.transat.com\/wp-content\/uploads\/2023\/04\/Sebastien-et-Laura.jpg","caption":"S\u00e9bastien &amp; Laura"},"description":"S\u00e9bastien and Laura are two intrepid travellers from France who decided to make a living from travel after a year-long trip across South America. One thing they're adamant about is responsible tourism, as early adopters of the zero waste movement. Their goal? To help other travellers discover our precious planet in the least impactful way.","sameAs":["https:\/\/lesglobeblogueurs.com\/","https:\/\/www.facebook.com\/globeblogueurs\/","https:\/\/x.com\/https:\/\/twitter.com\/globeblogueurs"],"url":"https:\/\/experience.transat.com\/fr\/author\/sebastien-laura\/"}]}},"_links":{"self":[{"href":"https:\/\/experience.transat.com\/fr\/wp-json\/wp\/v2\/posts\/11972","targetHints":{"allow":["GET"]}}],"collection":[{"href":"https:\/\/experience.transat.com\/fr\/wp-json\/wp\/v2\/posts"}],"about":[{"href":"https:\/\/experience.transat.com\/fr\/wp-json\/wp\/v2\/types\/post"}],"author":[{"embeddable":true,"href":"https:\/\/experience.transat.com\/fr\/wp-json\/wp\/v2\/users\/104"}],"replies":[{"embeddable":true,"href":"https:\/\/experience.transat.com\/fr\/wp-json\/wp\/v2\/comments?post=11972"}],"version-history":[{"count":9,"href":"https:\/\/experience.transat.com\/fr\/wp-json\/wp\/v2\/posts\/11972\/revisions"}],"predecessor-version":[{"id":33075,"href":"https:\/\/experience.transat.com\/fr\/wp-json\/wp\/v2\/posts\/11972\/revisions\/33075"}],"wp:featuredmedia":[{"embeddable":true,"href":"https:\/\/experience.transat.com\/fr\/wp-json\/wp\/v2\/media\/17655"}],"wp:attachment":[{"href":"https:\/\/experience.transat.com\/fr\/wp-json\/wp\/v2\/media?parent=11972"}],"wp:term":[{"taxonomy":"category","embeddable":true,"href":"https:\/\/experience.transat.com\/fr\/wp-json\/wp\/v2\/categories?post=11972"},{"taxonomy":"post_tag","embeddable":true,"href":"https:\/\/experience.transat.com\/fr\/wp-json\/wp\/v2\/tags?post=11972"},{"taxonomy":"destinations","embeddable":true,"href":"https:\/\/experience.transat.com\/fr\/wp-json\/wp\/v2\/destinations?post=11972"},{"taxonomy":"travel-themes","embeddable":true,"href":"https:\/\/experience.transat.com\/fr\/wp-json\/wp\/v2\/travel-themes?post=11972"},{"taxonomy":"segments","embeddable":true,"href":"https:\/\/experience.transat.com\/fr\/wp-json\/wp\/v2\/segments?post=11972"}],"curies":[{"name":"wp","href":"https:\/\/api.w.org\/{rel}","templated":true}]}}