{"id":15909,"date":"2023-05-12T16:27:25","date_gmt":"2023-05-12T16:27:25","guid":{"rendered":"https:\/\/experience.transat.com\/?p=15909"},"modified":"2024-07-17T12:32:53","modified_gmt":"2024-07-17T16:32:53","slug":"pourquoi-voyager-salvador-benjamin-rochette","status":"publish","type":"post","link":"https:\/\/experience.transat.com\/fr\/pourquoi-voyager-salvador-benjamin-rochette\/","title":{"rendered":"Pourquoi voyager? Benjamin Rochette raconte son voyage au Salvador"},"content":{"rendered":"\n<p>Dans le cadre de sa nouvelle s\u00e9rie vid\u00e9o<em> <a href=\"https:\/\/experience.transat.com\/fr\/themes\/pourquoi-voyager\/\" target=\"_blank\" rel=\"noreferrer noopener\">Pourquoi voyager?<\/a><\/em>, Transat demande \u00e0 personnes tout azimuts de raconter les raisons pour lesquelles le voyage les a transform\u00e9es. Amour? Curiosit\u00e9? Besoin d&#8217;aventure? H\u00e9ritage familial? Travail? Revirement inattendu? Cette s\u00e9rie de portraits transpose une id\u00e9ologie d&#8217;humanisme et d&#8217;ouverture sur le monde&nbsp;\u00e0 travers des r\u00e9cits porteurs qui enrichissent le comment et le \u201cpourquoi de chaque p\u00e9riple. Car le voyage, d&#8217;une fa\u00e7on ou d&#8217;une autre, nous transporte.<\/p>\n\n\n\n<p>Aujourd&#8217;hui, c&#8217;est <a href=\"https:\/\/www.instagram.com\/b_rochette\/\" target=\"_blank\" rel=\"noreferrer noopener\">Benjamin Rochette<\/a>, fondateur du collectif <a href=\"http:\/\/oui.surf\/\" target=\"_blank\" rel=\"noreferrer noopener\">OuiSurf<\/a>, qui partage son histoire.<\/p>\n\n\n\n<figure class=\"wp-block-embed alignwide is-type-rich is-provider-embed-handler wp-block-embed-embed-handler wp-embed-aspect-16-9 wp-has-aspect-ratio\"><div class=\"wp-block-embed__wrapper\">\n<iframe title=\"Pourquoi Voyager ? - Benjamin Rochette\" width=\"800\" height=\"450\" id=\"iframe-consent-4228\" style=\"display:none\" data-src=\"https:\/\/www.youtube.com\/embed\/viuTpdE9Bik?feature=oembed\" frameborder=\"0\" allow=\"accelerometer; autoplay; clipboard-write; encrypted-media; gyroscope; picture-in-picture; web-share\" allowfullscreen class=\"optanon-category-C0003\"><\/iframe><div id=\"div-consent-message-7718\" class=\"div-consent-message placeholder-optanon-category-C0003\"><div class=\"title\"><p>Content is inaccessible<\/p><\/div><div class=\"container\"><p>To view this content, modify your consent preferences.<\/p><p><a class=\"ot-sdk-show-settings\">Accept functional cookies<\/a><\/p><\/div><\/div>\n<\/div><\/figure>\n\n\n\n<h2 class=\"wp-block-heading\" id=\"h-benjamin-rochette-le-surfeur\">Benjamin Rochette, le surfeur<\/h2>\n\n\n\n<p>Autrefois cam\u00e9raman, Benjamin a toujours \u00e9t\u00e9, d&#8217;aussi loin qu&#8217;il se souvienne, un amoureux des voyages et un excellent raconteur d&#8217;histoires. C&#8217;est toutefois en raison de son amour du surf qu&#8217;il s&#8217;est retrouv\u00e9 en Am\u00e9rique latine en 2007. Son premier voyage sous les tropiques? <a href=\"https:\/\/www.airtransat.com\/fr-CA\/salvador\" target=\"_blank\" rel=\"noreferrer noopener\">Le Salvador<\/a>, dans le village de p\u00eacheurs <a href=\"https:\/\/experience.transat.com\/fr\/el-zonte-le-village-qui-monte-au-salvador\/\" target=\"_blank\" rel=\"noreferrer noopener\">El Zonte<\/a>.<\/p>\n\n\n\n<p>\u00ab C&#8217;est l\u00e0 que j&#8217;ai d\u00e9couvert toute la beaut\u00e9 de l&#8217;oc\u00e9an. \u00c7a a \u00e9t\u00e9 aussi le d\u00e9clencheur de mon envie d&#8217;en savoir plus, d&#8217;apprendre, de go\u00fbter, d&#8217;apprendre la langue sur le tas, de voir, d&#8217;absorber. Je me sentais bien, l\u00e0-bas, dans ce moment pr\u00e9cis l\u00e0 \u00bb.<\/p>\n\n\n\n<p>Ses amis salvadoriens, comme lui, ont vieilli et ont continu\u00e9 leur vie. Benjamin raconte non sans fiert\u00e9 que certains ont rencontr\u00e9 l&#8217;\u00e2me soeur aupr\u00e8s de touristes du Qu\u00e9bec, ont appris le fran\u00e7ais, on refait leur vie entre deux continents.<\/p>\n\n\n\n<blockquote class=\"wp-block-quote is-layout-flow wp-block-quote-is-layout-flow\">\n<p class=\"has-text-align-center\"><em>\u00ab J&#8217;aime croire que j&#8217;ai r\u00e9ussi \u00e0 \u00eatre t\u00e9moin et \u00e0 peut-\u00eatre propulser un m\u00e9lange de culture entre des Qu\u00e9b\u00e9cois et des Salvadoriens. C&#8217;est vraiment sp\u00e9cial pour moi \u00bb.<\/em><\/p>\n<\/blockquote>\n\n\n\n<h2 class=\"wp-block-heading\">L&#8217;\u00e9poque OuiSurf<\/h2>\n\n\n\n<p>\u00ab La gen\u00e8se de OuiSurf, c&#8217;est d&#8217;abord une comp\u00e9tition qu\u00e9b\u00e9coise de surf au Salvador. C&#8217;\u00e9tait pour faire la promotion d&#8217;un h\u00f4tel l\u00e0-bas avec mon coloc Olivier. C&#8217;\u00e9tait assez nouveau de lancer \u00e7a sur Internet \u00e0 l&#8217;\u00e9poque \u00bb, se rappelle-t-il. Ils ont imagin\u00e9 le projet accoud\u00e9 au bar du coin, bi\u00e8re \u00e0 la main. Trouver des commanditaires, convaincre les athl\u00e8tes, organiser le tournoi, \u00e9tablir un sc\u00e9nario sur place. \u00c0 la mani\u00e8re des comp\u00e9titions professionnelles, Benjamin et son coll\u00e8gue ont cr\u00e9\u00e9 tout un <em>buzz<\/em>.<\/p>\n\n\n\n<p>Sans le savoir, un petit empire venait de se cr\u00e9er et se recueillait, avec de plus en plus de fid\u00e8les, \u00e0 l&#8217;autel de la planche.<\/p>\n\n\n\n<p>Au total, Benjamin aura pass\u00e9 trois ans au Salvador. \u00c0 rencontrer des voyageurs, \u00e0 les encourager vers la d\u00e9couverte, \u00e0 s&#8217;impr\u00e9gner de la culture salvadorienne, \u00e0 surfer chaque jour, \u00e0 faire un avec la vague.<\/p>\n\n\n\n<p>\u00ab Quand j&#8217;ai parti OuiSurf, c&#8217;\u00e9tait&nbsp;plus une fa\u00e7on pour moi de partager les images que j&#8217;avais film\u00e9es. Pour voir si \u00e7a int\u00e9ressait les gens autant que moi! C&#8217;\u00e9tait pas pour en faire une <em>business<\/em>. J&#8217;\u00e9tais juste curieux \u00bb. Et la r\u00e9ponse a \u00e9t\u00e9 retentissante. Surprise: les vid\u00e9os ont explos\u00e9 en popularit\u00e9! Peu apr\u00e8s, OuiSurf prenait pour la premi\u00e8re fois la vague de la t\u00e9l\u00e9. \u00ab Les \u00e9quipes de production nous ont donn\u00e9 carte blanche, on a \u00e9t\u00e9 eu beaucoup de chance \u00bb, se souvient-il. La m\u00eame ann\u00e9e, ils remportent le prix coup de coeur du public au gala des G\u00e9meaux. <\/p>\n\n\n\n<blockquote class=\"wp-block-quote has-text-align-center is-layout-flow wp-block-quote-is-layout-flow\">\n<p class=\"has-text-align-center\"><em>\u00ab On \u00e9tait une gang de surfeurs avec une cam\u00e9ra, passionn\u00e9s par le voyage, qui n&#8217;avait pas peur et qui n&#8217;avait pas froid aux yeux \u00bb.<\/em><\/p>\n<\/blockquote>\n\n\n\n<p>Apr\u00e8s la production de l&#8217;\u00e9mission, toutefois, Benjamin est \u00e9puis\u00e9. Il veut retrouver l&#8217;envie de surfer pour le simple plaisir d&#8217;\u00eatre sur l&#8217;eau. Loin des cam\u00e9ras, des<em> shot list<\/em>.<\/p>\n\n\n\n<p>\u00ab \u00c7a a \u00e9t\u00e9 mon premier voyage solo. Quand je suis parti, j&#8217;avais besoin de d\u00e9crocher. J&#8217;avais besoin de ne pas supporter une production sur mes \u00e9paules ou \u00eatre en qu\u00eate de contenu. C&#8217;\u00e9tait vraiment un voyage. Je me suis lou\u00e9 une van, je suis parti tout seul et je me suis dit: je suis les vagues \u00bb.<\/p>\n\n\n\n<h2 class=\"wp-block-heading\">G\u00e9n\u00e9rer du mouvement<\/h2>\n\n\n\n<p>Pour d\u00e9finir son style de voyage, Benjamin insiste sur le principe de se laisser envahir par l&#8217;endroit qu&#8217;il visite.  Il pr\u00e9f\u00e8re laisser la destination lui parler et le guider vers les lieux, les activit\u00e9s et les occasions plut\u00f4t que de tout planifier \u00e0 l&#8217;avance.<\/p>\n\n\n\n<p>Le surf, comme discipline sportive, est une excellente \u00e9cole. Chaque <em>spot <\/em>est diff\u00e9rent, les fonds sont diff\u00e9rents, les vagues se comportent diff\u00e9remment. L&#8217;adaptation est continuelle.<\/p>\n\n\n\n<blockquote class=\"wp-block-quote has-text-align-center is-layout-flow wp-block-quote-is-layout-flow\">\n<p class=\"has-text-align-center\"><em>\u00ab&nbsp;G\u00e9n\u00e8re du mouvement. Pars. Bouge. Va vivre des exp\u00e9riences compl\u00e8tement hors du commun. Au bout de la ligne, fais-le \u00bb.<\/em><\/p>\n<\/blockquote>\n\n\n\n<p>\u00ab En voyage de surf, c\u2019est toujours la recherche de la meilleure vague, de la meilleure place avec le moins de monde possible, le plus recul\u00e9, le plus secret. C&#8217;est \u00e0 force de se rendre toujours plus loin pour avoir la meilleure session que j&#8217;ai fini par faire des rencontres improbables et \u00e0 sortir des zones touristiques. Faut g\u00e9n\u00e9rer du mouvement, tu ne peux pas rester \u00e0 la m\u00eame place et esp\u00e9rer que les choses vont arriver par elles-m\u00eames. Faut avoir soif  \u00bb, ajoute-t-il.<\/p>\n\n\n\n<p>Et quoi de mieux que de former des \u00e9quipes pour g\u00e9n\u00e9rer du mouvement ensemble? Benjamin explique que pour se sentir chez moi m\u00eame \u00e0 l&#8217;autre bout du monde, il faut aller vers les gens, ne pas avoir peur du ridicule, de cr\u00e9er des opportunit\u00e9s, d&#8217;\u00eatre vuln\u00e9rable. \u00ab La r\u00e9alit\u00e9 c&#8217;est que m\u00eame si la terre est immense, on est tous pareils, on a tous des \u00e9motions qui se rejoignent quelque part \u00bb.<\/p>\n\n\n\n<h2 class=\"wp-block-heading\">Pourquoi voyager selon Benjamin Rochette<\/h2>\n\n\n\n<p>Benjamin maintient aussi qu&#8217;il est primordial de ne pas se laisser convaincre par les impressions des autres ou la mauvaise presse de certaines destinations. \u00ab Si tu \u00e9coutes trop les gens ou que tu lis trop les nouvelles, tu penses par exemple que le Salvador c&#8217;est un pays super dangereux alors que quand tu arrives sur place, c&#8217;est compl\u00e8tement le contraire. Les gens sont super accueillants, la r\u00e9alit\u00e9 est vraiment diff\u00e9rente. Et pour le savoir, \u00e7a, ben il faut aller sur place. Dans le fond, je suis juste un aventurier qui est vraiment content de sortir de sa zone de confort \u00bb.<\/p>\n\n\n\n<blockquote class=\"wp-block-quote has-text-align-center is-layout-flow wp-block-quote-is-layout-flow\">\n<p><em>\u00ab&nbsp;Le touriste observe, le voyageur participe&nbsp;\u00bb.<\/em><\/p>\n<\/blockquote>\n\n\n\n<p>Et s&#8217;il n&#8217;avait qu&#8217;une seule r\u00e9ponse \u00e0 donner \u00e0 la question: pourquoi voyager?<\/p>\n\n\n\n<p>\u00ab Mon mantra de voyage, c&#8217;est m&#8217;impr\u00e9gner de la culture, participer, avoir l&#8217;impression que je fais pas juste passer par l\u00e0, que je vis quelque chose avec les gens sur place, en fait. Le voyage, \u00e7a passe par la rencontre de l\u2019autre. \u00c0 chaque destination, il y a des moments pour se dire &#8216;wow, ok, l\u00e0 je suis loin de chez nous&#8217;, et \u00e7a ce sont les meilleurs souvenirs \u00bb.<\/p>\n\n\n\n<div class=\"wp-block-buttons is-content-justification-center is-layout-flex wp-container-core-buttons-is-layout-16018d1d wp-block-buttons-is-layout-flex\">\n<div class=\"wp-block-button has-custom-width wp-block-button__width-75 has-custom-font-size is-style-outline is-style-outline--1\" style=\"font-size:22px;font-style:normal;font-weight:700\"><a class=\"wp-block-button__link has-white-background-color has-background has-text-align-center wp-element-button\" href=\"https:\/\/www.airtransat.com\/fr-CA\/salvador\" style=\"border-radius:50px\" target=\"_blank\" rel=\"noreferrer noopener\">\u2708\ufe0f Partez vous aussi surfer la vague au Salvador<\/a><\/div>\n<\/div>\n","protected":false},"excerpt":{"rendered":"<p>Dans le cadre de sa s\u00e9rie Pourquoi voyager, Benjamin Rochette, fondateur du collectif OuiSurf, partage son histoire et les raisons pour lesquelles le voyage l&#8217;a transform\u00e9.<\/p>\n","protected":false},"author":83,"featured_media":15923,"comment_status":"closed","ping_status":"closed","sticky":false,"template":"","format":"standard","meta":{"_acf_changed":false,"footnotes":""},"categories":[],"tags":[],"destinations":[2068,2173],"travel-themes":[2187],"segments":[],"class_list":["post-15909","post","type-post","status-publish","format-standard","has-post-thumbnail","hentry","destinations-salvador","destinations-trucs-voyages","travel-themes-pourquoi-voyager"],"acf":[],"yoast_head":"<!-- This site is optimized with the Yoast SEO Premium plugin v22.4 (Yoast SEO v22.6) - https:\/\/yoast.com\/wordpress\/plugins\/seo\/ -->\n<title>Pourquoi voyager? Benjamin Rochette au Salvador | #ExperienceTransat<\/title>\n<meta name=\"description\" content=\"Dans le cadre de sa s\u00e9rie Pourquoi voyager de Transat, Benjamin Rochette, fondateur de OuiSurf, partage son histoire.\" \/>\n<meta name=\"robots\" content=\"index, follow, max-snippet:-1, max-image-preview:large, max-video-preview:-1\" \/>\n<link rel=\"canonical\" href=\"https:\/\/experience.transat.com\/fr\/pourquoi-voyager-salvador-benjamin-rochette\/\" \/>\n<meta property=\"og:locale\" content=\"fr_FR\" \/>\n<meta property=\"og:type\" content=\"article\" \/>\n<meta property=\"og:title\" content=\"Pourquoi voyager? Le voyage au Salvador de Benjamin Rochette | #ExperienceTransat\" \/>\n<meta property=\"og:description\" content=\"Dans le cadre de sa s\u00e9rie Pourquoi voyager de Transat, Benjamin Rochette, fondateur de OuiSurf, partage son histoire.\" \/>\n<meta property=\"og:url\" content=\"https:\/\/experience.transat.com\/fr\/pourquoi-voyager-salvador-benjamin-rochette\/\" \/>\n<meta property=\"og:site_name\" content=\"Experience Transat\" \/>\n<meta property=\"article:published_time\" content=\"2023-05-12T16:27:25+00:00\" \/>\n<meta property=\"article:modified_time\" content=\"2024-07-17T16:32:53+00:00\" \/>\n<meta property=\"og:image\" content=\"https:\/\/experience.transat.com\/wp-content\/uploads\/2023\/05\/surf-pourquoi-voyager-2-scaled.jpg\" \/>\n\t<meta property=\"og:image:width\" content=\"2560\" \/>\n\t<meta property=\"og:image:height\" content=\"1438\" \/>\n\t<meta property=\"og:image:type\" content=\"image\/jpeg\" \/>\n<meta name=\"author\" content=\"airtransat\" \/>\n<meta name=\"twitter:card\" content=\"summary_large_image\" \/>\n<meta name=\"twitter:title\" content=\"Pourquoi voyager? Benjamin Rochette raconte son voyage au Salvador\" \/>\n<meta name=\"twitter:label1\" content=\"Written by\" \/>\n\t<meta name=\"twitter:data1\" content=\"airtransat\" \/>\n\t<meta name=\"twitter:label2\" content=\"Est. reading time\" \/>\n\t<meta name=\"twitter:data2\" content=\"5 minutes\" \/>\n<script type=\"application\/ld+json\" class=\"yoast-schema-graph\">{\"@context\":\"https:\/\/schema.org\",\"@graph\":[{\"@type\":\"Article\",\"@id\":\"https:\/\/experience.transat.com\/fr\/pourquoi-voyager-salvador-benjamin-rochette\/#article\",\"isPartOf\":{\"@id\":\"https:\/\/experience.transat.com\/fr\/pourquoi-voyager-salvador-benjamin-rochette\/\"},\"author\":{\"name\":\"airtransat\",\"@id\":\"https:\/\/experience.transat.com\/#\/schema\/person\/06d2c1fba83f26d055e33acabdeec7db\"},\"headline\":\"Pourquoi voyager? Benjamin Rochette raconte son voyage au Salvador\",\"datePublished\":\"2023-05-12T16:27:25+00:00\",\"dateModified\":\"2024-07-17T16:32:53+00:00\",\"mainEntityOfPage\":{\"@id\":\"https:\/\/experience.transat.com\/fr\/pourquoi-voyager-salvador-benjamin-rochette\/\"},\"wordCount\":1148,\"publisher\":{\"@id\":\"https:\/\/experience.transat.com\/#organization\"},\"image\":{\"@id\":\"https:\/\/experience.transat.com\/fr\/pourquoi-voyager-salvador-benjamin-rochette\/#primaryimage\"},\"thumbnailUrl\":\"\/wp-content\/uploads\/2023\/05\/surf-pourquoi-voyager-2-scaled.jpg\",\"inLanguage\":\"fr-FR\"},{\"@type\":\"WebPage\",\"@id\":\"https:\/\/experience.transat.com\/fr\/pourquoi-voyager-salvador-benjamin-rochette\/\",\"url\":\"https:\/\/experience.transat.com\/fr\/pourquoi-voyager-salvador-benjamin-rochette\/\",\"name\":\"Pourquoi voyager? Benjamin Rochette au Salvador | #ExperienceTransat\",\"isPartOf\":{\"@id\":\"https:\/\/experience.transat.com\/#website\"},\"primaryImageOfPage\":{\"@id\":\"https:\/\/experience.transat.com\/fr\/pourquoi-voyager-salvador-benjamin-rochette\/#primaryimage\"},\"image\":{\"@id\":\"https:\/\/experience.transat.com\/fr\/pourquoi-voyager-salvador-benjamin-rochette\/#primaryimage\"},\"thumbnailUrl\":\"\/wp-content\/uploads\/2023\/05\/surf-pourquoi-voyager-2-scaled.jpg\",\"datePublished\":\"2023-05-12T16:27:25+00:00\",\"dateModified\":\"2024-07-17T16:32:53+00:00\",\"description\":\"Dans le cadre de sa s\u00e9rie Pourquoi voyager de Transat, Benjamin Rochette, fondateur de OuiSurf, partage son histoire.\",\"breadcrumb\":{\"@id\":\"https:\/\/experience.transat.com\/fr\/pourquoi-voyager-salvador-benjamin-rochette\/#breadcrumb\"},\"inLanguage\":\"fr-FR\",\"potentialAction\":[{\"@type\":\"ReadAction\",\"target\":[\"https:\/\/experience.transat.com\/fr\/pourquoi-voyager-salvador-benjamin-rochette\/\"]}]},{\"@type\":\"ImageObject\",\"inLanguage\":\"fr-FR\",\"@id\":\"https:\/\/experience.transat.com\/fr\/pourquoi-voyager-salvador-benjamin-rochette\/#primaryimage\",\"url\":\"\/wp-content\/uploads\/2023\/05\/surf-pourquoi-voyager-2-scaled.jpg\",\"contentUrl\":\"\/wp-content\/uploads\/2023\/05\/surf-pourquoi-voyager-2-scaled.jpg\",\"width\":2560,\"height\":1438,\"caption\":\"surf - pourquoi voyager 2\"},{\"@type\":\"BreadcrumbList\",\"@id\":\"https:\/\/experience.transat.com\/fr\/pourquoi-voyager-salvador-benjamin-rochette\/#breadcrumb\",\"itemListElement\":[{\"@type\":\"ListItem\",\"position\":1,\"name\":\"Home\",\"item\":\"https:\/\/experience.transat.com\/fr\/accueil\/\"},{\"@type\":\"ListItem\",\"position\":2,\"name\":\"Pourquoi voyager? Benjamin Rochette raconte son voyage au Salvador\"}]},{\"@type\":\"WebSite\",\"@id\":\"https:\/\/experience.transat.com\/#website\",\"url\":\"https:\/\/experience.transat.com\/\",\"name\":\"#ExperienceTransat\",\"description\":\"Welcome to the Experience Transat Blog. Find travel tips from our expert travellers for every Transat destination. Happy Travels!\",\"publisher\":{\"@id\":\"https:\/\/experience.transat.com\/#organization\"},\"potentialAction\":[{\"@type\":\"SearchAction\",\"target\":{\"@type\":\"EntryPoint\",\"urlTemplate\":\"https:\/\/experience.transat.com\/?s={search_term_string}\"},\"query-input\":\"required name=search_term_string\"}],\"inLanguage\":\"fr-FR\"},{\"@type\":\"Organization\",\"@id\":\"https:\/\/experience.transat.com\/#organization\",\"name\":\"#ExperienceTransat\",\"alternateName\":\"Air Transat Travel Blog\",\"url\":\"https:\/\/experience.transat.com\/\",\"logo\":{\"@type\":\"ImageObject\",\"inLanguage\":\"fr-FR\",\"@id\":\"https:\/\/experience.transat.com\/#\/schema\/logo\/image\/\",\"url\":\"\/wp-content\/uploads\/2023\/09\/cropped-Transat-logo.jpg\",\"contentUrl\":\"\/wp-content\/uploads\/2023\/09\/cropped-Transat-logo.jpg\",\"width\":2301,\"height\":657,\"caption\":\"#ExperienceTransat\"},\"image\":{\"@id\":\"https:\/\/experience.transat.com\/#\/schema\/logo\/image\/\"}},{\"@type\":\"Person\",\"@id\":\"https:\/\/experience.transat.com\/#\/schema\/person\/06d2c1fba83f26d055e33acabdeec7db\",\"name\":\"airtransat\",\"image\":{\"@type\":\"ImageObject\",\"inLanguage\":\"fr-FR\",\"@id\":\"https:\/\/experience.transat.com\/#\/schema\/person\/image\/\",\"url\":\"\/wp-content\/uploads\/2023\/09\/377149061_864058988398645_3954419285679208941_n.jpg\",\"contentUrl\":\"\/wp-content\/uploads\/2023\/09\/377149061_864058988398645_3954419285679208941_n.jpg\",\"caption\":\"airtransat\"},\"description\":\"Founded in Montreal 37 years ago, Air Transat is a leading leisure travel brand. Named the World's Best Leisure Airline by passengers at the 2025 Skytrax World Airline Awards, it boasts one of the most modern efficient fleets in its category. With its unique role as a bridge-builder between continents, it encourages travellers to foster openness and discover the wonders, big and small, that surround us.\",\"sameAs\":[\"https:\/\/www.airtransat.com\/\"],\"url\":\"https:\/\/experience.transat.com\/fr\/author\/airtransat\/\"}]}<\/script>\n<!-- \/ Yoast SEO Premium plugin. -->","yoast_head_json":{"title":"Pourquoi voyager? Benjamin Rochette au Salvador | #ExperienceTransat","description":"Dans le cadre de sa s\u00e9rie Pourquoi voyager de Transat, Benjamin Rochette, fondateur de OuiSurf, partage son histoire.","robots":{"index":"index","follow":"follow","max-snippet":"max-snippet:-1","max-image-preview":"max-image-preview:large","max-video-preview":"max-video-preview:-1"},"canonical":"https:\/\/experience.transat.com\/fr\/pourquoi-voyager-salvador-benjamin-rochette\/","og_locale":"fr_FR","og_type":"article","og_title":"Pourquoi voyager? Le voyage au Salvador de Benjamin Rochette | #ExperienceTransat","og_description":"Dans le cadre de sa s\u00e9rie Pourquoi voyager de Transat, Benjamin Rochette, fondateur de OuiSurf, partage son histoire.","og_url":"https:\/\/experience.transat.com\/fr\/pourquoi-voyager-salvador-benjamin-rochette\/","og_site_name":"Experience Transat","article_published_time":"2023-05-12T16:27:25+00:00","article_modified_time":"2024-07-17T16:32:53+00:00","og_image":[{"width":2560,"height":1438,"url":"https:\/\/experience.transat.com\/wp-content\/uploads\/2023\/05\/surf-pourquoi-voyager-2-scaled.jpg","type":"image\/jpeg"}],"author":"airtransat","twitter_card":"summary_large_image","twitter_title":"Pourquoi voyager? Benjamin Rochette raconte son voyage au Salvador","twitter_misc":{"Written by":"airtransat","Est. reading time":"5 minutes"},"schema":{"@context":"https:\/\/schema.org","@graph":[{"@type":"Article","@id":"https:\/\/experience.transat.com\/fr\/pourquoi-voyager-salvador-benjamin-rochette\/#article","isPartOf":{"@id":"https:\/\/experience.transat.com\/fr\/pourquoi-voyager-salvador-benjamin-rochette\/"},"author":{"name":"airtransat","@id":"https:\/\/experience.transat.com\/#\/schema\/person\/06d2c1fba83f26d055e33acabdeec7db"},"headline":"Pourquoi voyager? Benjamin Rochette raconte son voyage au Salvador","datePublished":"2023-05-12T16:27:25+00:00","dateModified":"2024-07-17T16:32:53+00:00","mainEntityOfPage":{"@id":"https:\/\/experience.transat.com\/fr\/pourquoi-voyager-salvador-benjamin-rochette\/"},"wordCount":1148,"publisher":{"@id":"https:\/\/experience.transat.com\/#organization"},"image":{"@id":"https:\/\/experience.transat.com\/fr\/pourquoi-voyager-salvador-benjamin-rochette\/#primaryimage"},"thumbnailUrl":"\/wp-content\/uploads\/2023\/05\/surf-pourquoi-voyager-2-scaled.jpg","inLanguage":"fr-FR"},{"@type":"WebPage","@id":"https:\/\/experience.transat.com\/fr\/pourquoi-voyager-salvador-benjamin-rochette\/","url":"https:\/\/experience.transat.com\/fr\/pourquoi-voyager-salvador-benjamin-rochette\/","name":"Pourquoi voyager? Benjamin Rochette au Salvador | #ExperienceTransat","isPartOf":{"@id":"https:\/\/experience.transat.com\/#website"},"primaryImageOfPage":{"@id":"https:\/\/experience.transat.com\/fr\/pourquoi-voyager-salvador-benjamin-rochette\/#primaryimage"},"image":{"@id":"https:\/\/experience.transat.com\/fr\/pourquoi-voyager-salvador-benjamin-rochette\/#primaryimage"},"thumbnailUrl":"\/wp-content\/uploads\/2023\/05\/surf-pourquoi-voyager-2-scaled.jpg","datePublished":"2023-05-12T16:27:25+00:00","dateModified":"2024-07-17T16:32:53+00:00","description":"Dans le cadre de sa s\u00e9rie Pourquoi voyager de Transat, Benjamin Rochette, fondateur de OuiSurf, partage son histoire.","breadcrumb":{"@id":"https:\/\/experience.transat.com\/fr\/pourquoi-voyager-salvador-benjamin-rochette\/#breadcrumb"},"inLanguage":"fr-FR","potentialAction":[{"@type":"ReadAction","target":["https:\/\/experience.transat.com\/fr\/pourquoi-voyager-salvador-benjamin-rochette\/"]}]},{"@type":"ImageObject","inLanguage":"fr-FR","@id":"https:\/\/experience.transat.com\/fr\/pourquoi-voyager-salvador-benjamin-rochette\/#primaryimage","url":"\/wp-content\/uploads\/2023\/05\/surf-pourquoi-voyager-2-scaled.jpg","contentUrl":"\/wp-content\/uploads\/2023\/05\/surf-pourquoi-voyager-2-scaled.jpg","width":2560,"height":1438,"caption":"surf - pourquoi voyager 2"},{"@type":"BreadcrumbList","@id":"https:\/\/experience.transat.com\/fr\/pourquoi-voyager-salvador-benjamin-rochette\/#breadcrumb","itemListElement":[{"@type":"ListItem","position":1,"name":"Home","item":"https:\/\/experience.transat.com\/fr\/accueil\/"},{"@type":"ListItem","position":2,"name":"Pourquoi voyager? Benjamin Rochette raconte son voyage au Salvador"}]},{"@type":"WebSite","@id":"https:\/\/experience.transat.com\/#website","url":"https:\/\/experience.transat.com\/","name":"#ExperienceTransat","description":"Welcome to the Experience Transat Blog. Find travel tips from our expert travellers for every Transat destination. Happy Travels!","publisher":{"@id":"https:\/\/experience.transat.com\/#organization"},"potentialAction":[{"@type":"SearchAction","target":{"@type":"EntryPoint","urlTemplate":"https:\/\/experience.transat.com\/?s={search_term_string}"},"query-input":"required name=search_term_string"}],"inLanguage":"fr-FR"},{"@type":"Organization","@id":"https:\/\/experience.transat.com\/#organization","name":"#ExperienceTransat","alternateName":"Air Transat Travel Blog","url":"https:\/\/experience.transat.com\/","logo":{"@type":"ImageObject","inLanguage":"fr-FR","@id":"https:\/\/experience.transat.com\/#\/schema\/logo\/image\/","url":"\/wp-content\/uploads\/2023\/09\/cropped-Transat-logo.jpg","contentUrl":"\/wp-content\/uploads\/2023\/09\/cropped-Transat-logo.jpg","width":2301,"height":657,"caption":"#ExperienceTransat"},"image":{"@id":"https:\/\/experience.transat.com\/#\/schema\/logo\/image\/"}},{"@type":"Person","@id":"https:\/\/experience.transat.com\/#\/schema\/person\/06d2c1fba83f26d055e33acabdeec7db","name":"airtransat","image":{"@type":"ImageObject","inLanguage":"fr-FR","@id":"https:\/\/experience.transat.com\/#\/schema\/person\/image\/","url":"\/wp-content\/uploads\/2023\/09\/377149061_864058988398645_3954419285679208941_n.jpg","contentUrl":"\/wp-content\/uploads\/2023\/09\/377149061_864058988398645_3954419285679208941_n.jpg","caption":"airtransat"},"description":"Founded in Montreal 37 years ago, Air Transat is a leading leisure travel brand. Named the World's Best Leisure Airline by passengers at the 2025 Skytrax World Airline Awards, it boasts one of the most modern efficient fleets in its category. With its unique role as a bridge-builder between continents, it encourages travellers to foster openness and discover the wonders, big and small, that surround us.","sameAs":["https:\/\/www.airtransat.com\/"],"url":"https:\/\/experience.transat.com\/fr\/author\/airtransat\/"}]}},"_links":{"self":[{"href":"https:\/\/experience.transat.com\/fr\/wp-json\/wp\/v2\/posts\/15909","targetHints":{"allow":["GET"]}}],"collection":[{"href":"https:\/\/experience.transat.com\/fr\/wp-json\/wp\/v2\/posts"}],"about":[{"href":"https:\/\/experience.transat.com\/fr\/wp-json\/wp\/v2\/types\/post"}],"author":[{"embeddable":true,"href":"https:\/\/experience.transat.com\/fr\/wp-json\/wp\/v2\/users\/83"}],"replies":[{"embeddable":true,"href":"https:\/\/experience.transat.com\/fr\/wp-json\/wp\/v2\/comments?post=15909"}],"version-history":[{"count":11,"href":"https:\/\/experience.transat.com\/fr\/wp-json\/wp\/v2\/posts\/15909\/revisions"}],"predecessor-version":[{"id":27671,"href":"https:\/\/experience.transat.com\/fr\/wp-json\/wp\/v2\/posts\/15909\/revisions\/27671"}],"wp:featuredmedia":[{"embeddable":true,"href":"https:\/\/experience.transat.com\/fr\/wp-json\/wp\/v2\/media\/15923"}],"wp:attachment":[{"href":"https:\/\/experience.transat.com\/fr\/wp-json\/wp\/v2\/media?parent=15909"}],"wp:term":[{"taxonomy":"category","embeddable":true,"href":"https:\/\/experience.transat.com\/fr\/wp-json\/wp\/v2\/categories?post=15909"},{"taxonomy":"post_tag","embeddable":true,"href":"https:\/\/experience.transat.com\/fr\/wp-json\/wp\/v2\/tags?post=15909"},{"taxonomy":"destinations","embeddable":true,"href":"https:\/\/experience.transat.com\/fr\/wp-json\/wp\/v2\/destinations?post=15909"},{"taxonomy":"travel-themes","embeddable":true,"href":"https:\/\/experience.transat.com\/fr\/wp-json\/wp\/v2\/travel-themes?post=15909"},{"taxonomy":"segments","embeddable":true,"href":"https:\/\/experience.transat.com\/fr\/wp-json\/wp\/v2\/segments?post=15909"}],"curies":[{"name":"wp","href":"https:\/\/api.w.org\/{rel}","templated":true}]}}