{"id":18163,"date":"2023-08-29T17:50:52","date_gmt":"2023-08-29T17:50:52","guid":{"rendered":"https:\/\/experience.transat.com\/?p=18163"},"modified":"2025-08-29T15:12:54","modified_gmt":"2025-08-29T19:12:54","slug":"lisbonne-excursion-a-evora-portugal","status":"publish","type":"post","link":"https:\/\/experience.transat.com\/fr\/lisbonne-excursion-a-evora-portugal\/","title":{"rendered":"Envo\u00fbtante \u00c9vora: escapade d&#8217;une journ\u00e9e depuis Lisbonne"},"content":{"rendered":"\n<p>Bienvenue dans la f\u00e9erique ville d\u2019\u00c9vora, joyau captivant de l\u2019Alentejo habill\u00e9 de paysages pittoresques et charg\u00e9 d\u2019histoire. Situ\u00e9e \u00e0 une centaine de kilom\u00e8tres de Lisbonne, <a href=\"https:\/\/experience.transat.com\/fr\/les-villes-et-villages-qui-valent-le-detour-depuis-lisbonne\/\" target=\"_blank\" rel=\"noreferrer noopener\">\u00c9vora se d\u00e9couvre parfaitement en excursion d\u2019un jour depuis la capitale portugaise<\/a>. Murs m\u00e9di\u00e9vaux, vestiges romains et autres reliques, ravissantes petites rues et miradors \u00e9poustouflants s\u2019y c\u00f4toient dans une robe blanche et ocre. En plus d\u2019enchanter les mordus d\u2019histoire et de culture, l\u2019ambiance paisible de la ville offrira un r\u00e9pit du rythme imp\u00e9tueux de Lisbonne aux voyageur\u00b7euses.\u00a0<\/p>\n\n\n\n<p>Notre coll\u00e8gue Caroline vous r\u00e9v\u00e8le ses secrets d\u2019initi\u00e9e, adresses gourmandes et visites incontournables.<\/p>\n\n\n\n<div class=\"wp-block-buttons is-content-justification-center is-layout-flex wp-container-core-buttons-is-layout-16018d1d wp-block-buttons-is-layout-flex\">\n<div class=\"wp-block-button has-custom-width wp-block-button__width-75 is-style-outline is-style-outline--1\"><a class=\"wp-block-button__link has-white-background-color has-background has-text-align-center has-custom-font-size wp-element-button\" href=\"https:\/\/www.airtransat.com\/fr-CA\/portugal\/lisbonne\" style=\"border-radius:50px;font-size:22px;font-style:normal;font-weight:700\" target=\"_blank\" rel=\"noreferrer noopener\">\u2708\ufe0f R\u00e9servez vos vols directs Montr\u00e9al &#8211; Lisbonne avec la meilleure compagnie a\u00e9rienne loisirs au monde<\/a><\/div>\n<\/div>\n\n\n\n<h2 class=\"wp-block-heading\" id=\"h-des-secrets-au-soleil\">Des secrets au soleil\u00a0<\/h2>\n\n\n\n<figure class=\"wp-block-gallery aligncenter has-nested-images columns-default is-cropped wp-block-gallery-2 is-layout-flex wp-block-gallery-is-layout-flex\">\n<figure class=\"wp-block-image size-large\"><img fetchpriority=\"high\" decoding=\"async\" width=\"683\" height=\"1024\" data-id=\"18170\" src=\"\/wp-content\/uploads\/2023\/08\/Mirador-du-jardin-de-Diana-5-1-1-683x1024.jpg\" alt=\"escapade d'un jour \u00e0 \u00c9vora - day trip to \u00c9vora - jardim diana\" class=\"wp-image-18170\" srcset=\"\/wp-content\/uploads\/2023\/08\/Mirador-du-jardin-de-Diana-5-1-1-683x1024.jpg 683w, \/wp-content\/uploads\/2023\/08\/Mirador-du-jardin-de-Diana-5-1-1-200x300.jpg 200w, \/wp-content\/uploads\/2023\/08\/Mirador-du-jardin-de-Diana-5-1-1-768x1152.jpg 768w, \/wp-content\/uploads\/2023\/08\/Mirador-du-jardin-de-Diana-5-1-1-1024x1536.jpg 1024w, \/wp-content\/uploads\/2023\/08\/Mirador-du-jardin-de-Diana-5-1-1-1366x2048.jpg 1366w, \/wp-content\/uploads\/2023\/08\/Mirador-du-jardin-de-Diana-5-1-1-scaled.jpg 1707w\" sizes=\"(max-width: 683px) 100vw, 683px\" \/><\/figure>\n\n\n\n<figure class=\"wp-block-image size-large\"><img decoding=\"async\" width=\"683\" height=\"1024\" data-id=\"18172\" src=\"\/wp-content\/uploads\/2023\/08\/Rue-cute-1-1-683x1024.jpg\" alt=\"escapade d'un jour \u00e0 \u00c9vora - day trip to \u00c9vora\" class=\"wp-image-18172\" srcset=\"\/wp-content\/uploads\/2023\/08\/Rue-cute-1-1-683x1024.jpg 683w, \/wp-content\/uploads\/2023\/08\/Rue-cute-1-1-200x300.jpg 200w, \/wp-content\/uploads\/2023\/08\/Rue-cute-1-1-768x1152.jpg 768w, \/wp-content\/uploads\/2023\/08\/Rue-cute-1-1-1024x1536.jpg 1024w, \/wp-content\/uploads\/2023\/08\/Rue-cute-1-1-1366x2048.jpg 1366w, \/wp-content\/uploads\/2023\/08\/Rue-cute-1-1-scaled.jpg 1707w\" sizes=\"(max-width: 683px) 100vw, 683px\" \/><\/figure>\n<\/figure>\n\n\n\n<p>\u00c9vora a la r\u00e9putation d\u2019\u00eatre la ville la plus chaude du Portugal, rien de moins. La r\u00e9gion de l\u2019Alentejo est particuli\u00e8rement aride, avec des p\u00e9riodes d\u2019ensoleillement atteignant les 15 heures en \u00e9t\u00e9. Contrairement \u00e0 Lisbonne ou \u00e0 l\u2019Algarve, \u00c9vora ne b\u00e9n\u00e9ficie pas de la brise maritime, une courtoisie de leur proximit\u00e9 avec la mer. Le mercure y d\u00e9passe fr\u00e9quemment les 30 degr\u00e9s.<\/p>\n\n\n\n<p>Ainsi, vous connaissez la chanson: bouteille d\u2019eau, chapeau, cr\u00e8me solaire, couleurs claires.<\/p>\n\n\n\n<h2 class=\"wp-block-heading\" id=\"h-comment-se-rendre-a-evora-depuis-lisbonne\">Comment se rendre \u00e0 \u00c9vora depuis Lisbonne<\/h2>\n\n\n\n<p>On s\u2019y rend en voiture, en train, ou encore en bus pour les petits budgets. Des options de d\u00e9part sont offertes toutes les heures depuis les gares de Entrecampos, Oriente ou Sete Rios. Les prix varient entre 10$ et 50$. Procurez-vous vos billets sur le site de <a href=\"https:\/\/www.virail.ca\/voyage-lisbonne-evora\" target=\"_blank\" rel=\"noreferrer noopener\">Virail<\/a> ou sur place: en plus ou moins 1h30 vous voil\u00e0 \u00e0 \u00c9vora.&nbsp;<\/p>\n\n\n\n<h2 class=\"wp-block-heading\" id=\"h-comment-se-deplacer-a-evora-nbsp\">Comment se d\u00e9placer \u00e0 \u00c9vora?&nbsp;<\/h2>\n\n\n\n<p>\u00c0 pied, tout simplement!<\/p>\n\n\n\n<p>Toutes les adresses mentionn\u00e9es ci-bas sont \u00e0 une distance de marche de plus ou moins 10 minutes, tandis que la gare est \u00e0 20 minutes \u00e0 pied du centre. De plus, la promenade vous permettra de vous impr\u00e9gner de l\u2019ambiance de la ville. Les jolies rues blanches et jaune aux allures de labyrinthe vous guideront vers ses jalons d&#8217;\u00e9poques vari\u00e9es.<\/p>\n\n\n\n<h2 class=\"wp-block-heading\" id=\"h-itineraire-d-une-journee-a-evora-nbsp\">Itin\u00e9raire d&#8217;une journ\u00e9e \u00e0 \u00c9vora&nbsp;<\/h2>\n\n\n\n<h4 class=\"wp-block-heading\" id=\"h-dejeuner-sucre-a-la-pastelaria-pao-de-rala-nbsp\">D\u00e9jeuner sucr\u00e9 \u00e0 la Pastelaria P\u00e3o de Rala&nbsp;<\/h4>\n\n\n\n<figure class=\"wp-block-gallery aligncenter has-nested-images columns-default is-cropped wp-block-gallery-3 is-layout-flex wp-block-gallery-is-layout-flex\">\n<figure class=\"wp-block-image size-large\"><img decoding=\"async\" width=\"683\" height=\"1024\" data-id=\"18176\" src=\"\/wp-content\/uploads\/2023\/08\/Pao-de-rala-patisserie-1-683x1024.jpg\" alt=\"Pastelaria P\u00e3o de Rala\" class=\"wp-image-18176\" srcset=\"\/wp-content\/uploads\/2023\/08\/Pao-de-rala-patisserie-1-683x1024.jpg 683w, \/wp-content\/uploads\/2023\/08\/Pao-de-rala-patisserie-1-200x300.jpg 200w, \/wp-content\/uploads\/2023\/08\/Pao-de-rala-patisserie-1-768x1152.jpg 768w, \/wp-content\/uploads\/2023\/08\/Pao-de-rala-patisserie-1-1024x1536.jpg 1024w, \/wp-content\/uploads\/2023\/08\/Pao-de-rala-patisserie-1-1366x2048.jpg 1366w, \/wp-content\/uploads\/2023\/08\/Pao-de-rala-patisserie-1-scaled.jpg 1707w\" sizes=\"(max-width: 683px) 100vw, 683px\" \/><\/figure>\n\n\n\n<figure class=\"wp-block-image size-large\"><img loading=\"lazy\" decoding=\"async\" width=\"683\" height=\"1024\" data-id=\"18179\" src=\"\/wp-content\/uploads\/2023\/08\/Pao-de-rala-1-1-683x1024.jpg\" alt=\"Pastelaria P\u00e3o de Rala\" class=\"wp-image-18179\" srcset=\"\/wp-content\/uploads\/2023\/08\/Pao-de-rala-1-1-683x1024.jpg 683w, \/wp-content\/uploads\/2023\/08\/Pao-de-rala-1-1-200x300.jpg 200w, \/wp-content\/uploads\/2023\/08\/Pao-de-rala-1-1-768x1152.jpg 768w, \/wp-content\/uploads\/2023\/08\/Pao-de-rala-1-1-1024x1536.jpg 1024w, \/wp-content\/uploads\/2023\/08\/Pao-de-rala-1-1-1366x2048.jpg 1366w, \/wp-content\/uploads\/2023\/08\/Pao-de-rala-1-1-scaled.jpg 1707w\" sizes=\"(max-width: 683px) 100vw, 683px\" \/><\/figure>\n\n\n\n<figure class=\"wp-block-image size-large\"><img loading=\"lazy\" decoding=\"async\" width=\"683\" height=\"1024\" data-id=\"18178\" src=\"\/wp-content\/uploads\/2023\/08\/Pao-de-rala-patisserie2-1-683x1024.jpg\" alt=\"Pastelaria P\u00e3o de Rala\" class=\"wp-image-18178\" srcset=\"\/wp-content\/uploads\/2023\/08\/Pao-de-rala-patisserie2-1-683x1024.jpg 683w, \/wp-content\/uploads\/2023\/08\/Pao-de-rala-patisserie2-1-200x300.jpg 200w, \/wp-content\/uploads\/2023\/08\/Pao-de-rala-patisserie2-1-768x1152.jpg 768w, \/wp-content\/uploads\/2023\/08\/Pao-de-rala-patisserie2-1-1024x1536.jpg 1024w, \/wp-content\/uploads\/2023\/08\/Pao-de-rala-patisserie2-1-1366x2048.jpg 1366w, \/wp-content\/uploads\/2023\/08\/Pao-de-rala-patisserie2-1-scaled.jpg 1707w\" sizes=\"(max-width: 683px) 100vw, 683px\" \/><\/figure>\n<\/figure>\n\n\n\n<p>Premier arr\u00eat gourmand: d\u00e9cor\u00e9e avec go\u00fbt, la <a href=\"https:\/\/goo.gl\/maps\/kVkwrunY1afRFeN5A\" target=\"_blank\" rel=\"noreferrer noopener\">Pastelaria P\u00e3o de Rala<\/a> offre des p\u00e2tisseries affect\u00e9es de noms tout aussi mignons. On y d\u00e9guste des <em>queijinhos do c\u00e9u <\/em>(\u00ab fromages du ciel \u00bb), des <em>beijinhos<\/em> (des \u00ab bisous \u00bb) et la sp\u00e9cialit\u00e9 de la maison, un <em>p\u00e3o de rala<\/em>. Amandes, agrumes et cr\u00e8me sont les saveurs vedettes et se marient parfaitement avec leur d\u00e9licieux latte.&nbsp;<\/p>\n\n\n\n<p>Plus d\u2019options pour manger \u00e0 \u00c9vora:<\/p>\n\n\n\n<ul class=\"wp-block-list\">\n<li><em><a href=\"https:\/\/goo.gl\/maps\/Grq5VqJvKo7rbT177\" target=\"_blank\" rel=\"noreferrer noopener\">Confeitaria Pau de Canela<\/a><\/em><\/li>\n\n\n\n<li><em><a href=\"https:\/\/goo.gl\/maps\/9hMrPGuucxAxifaf9\" target=\"_blank\" rel=\"noreferrer noopener\">Pastelaria Violeta<\/a><\/em><\/li>\n\n\n\n<li><em><a href=\"https:\/\/goo.gl\/maps\/UkhYJziqQVqNpL5F7\" target=\"_blank\" rel=\"noreferrer noopener\">Pastelaria Acad\u00e9mica<\/a>.&nbsp;<\/em><\/li>\n<\/ul>\n\n\n\n<h4 class=\"wp-block-heading\" id=\"h-fascinante-et-funebre-capela-dos-ossos-nbsp\">Fascinante et fun\u00e8bre Capela dos Ossos&nbsp;<\/h4>\n\n\n\n<figure class=\"wp-block-image alignwide size-large\"><img loading=\"lazy\" decoding=\"async\" width=\"1024\" height=\"683\" src=\"\/wp-content\/uploads\/2023\/08\/Chapelle-des-os-1-1024x683.jpg\" alt=\"escapade d'un jour \u00e0 \u00c9vora - day trip to \u00c9vora - Capela dos Ossos\" class=\"wp-image-18182\" srcset=\"\/wp-content\/uploads\/2023\/08\/Chapelle-des-os-1-1024x683.jpg 1024w, \/wp-content\/uploads\/2023\/08\/Chapelle-des-os-1-300x200.jpg 300w, \/wp-content\/uploads\/2023\/08\/Chapelle-des-os-1-768x512.jpg 768w, \/wp-content\/uploads\/2023\/08\/Chapelle-des-os-1-1536x1024.jpg 1536w, \/wp-content\/uploads\/2023\/08\/Chapelle-des-os-1-2048x1366.jpg 2048w\" sizes=\"(max-width: 1024px) 100vw, 1024px\" \/><figcaption class=\"wp-element-caption\">Capela dos Ossos<\/figcaption><\/figure>\n\n\n\n<p>L\u2019inscription \u00e0 l\u2019entr\u00e9e de la chapelle donne le ton: \u00ab <em>Nous, les os qui sont ici, attendons les v\u00f4tres. <\/em>\u00bb.<\/p>\n\n\n\n<p>Troublant et intriguant, ce lieu singulier rattach\u00e9 \u00e0 l\u2019\u00e9glise S\u00e3o Francisco est \u00e9difi\u00e9 au XVIe si\u00e8cle. Une \u00e9pid\u00e9mie de peste frappe alors le Portugal et il y a foule aux cimeti\u00e8res. Question de les d\u00e9sencombrer, les moines franciscains de \u00c9vora exhument des corps. Ils leur offrent alors une nouvelle demeure \u00e9ternelle dans les murs de leur monast\u00e8re. Tapiss\u00e9e des cr\u00e2nes et ossements de plus de 5000 squelettes, la <a href=\"https:\/\/goo.gl\/maps\/v4hqpYLZ1pq2FBKs6\" target=\"_blank\" rel=\"noreferrer noopener\">Capela dos Ossos<\/a> (Chapelle des os) est vou\u00e9e \u00e0 d\u00e9gager un sens de l&#8217;hospitalit\u00e9 et r\u00e9conforter face \u00e0 l&#8217;angoisse du tr\u00e9pas. Qu&#8217;elle inspire la qui\u00e9tude ou le frisson, c&#8217;est un t\u00e9moignage saisissant de la condition humaine et une v\u00e9ritable \u0153uvre d\u2019art \u00e0 saveur irr\u00e9sistiblement macabre. <\/p>\n\n\n\n<p>Co\u00fbt d&#8217;entr\u00e9e: Gratuit pour les enfants de 12 ans et moins, entre 4 et 6 euros selon l\u2019\u00e2ge. Donne \u00e9galement acc\u00e8s \u00e0 un mus\u00e9e d\u2019art religieux et une collection de cr\u00e8ches sur place.<\/p>\n\n\n\n<h4 class=\"wp-block-heading\" id=\"h-templo-de-diana-une-ravissante-relique-romaine-nbsp\">Templo de Diana, une ravissante relique romaine&nbsp;<\/h4>\n\n\n<div class=\"wp-block-image\">\n<figure class=\"aligncenter size-large is-resized\"><img loading=\"lazy\" decoding=\"async\" width=\"683\" height=\"1024\" src=\"\/wp-content\/uploads\/2023\/08\/Temple-de-Diana-1-683x1024.jpg\" alt=\"escapade d'un jour \u00e0 \u00c9vora - day trip to \u00c9vora - Templo de Diana\" class=\"wp-image-18185\" style=\"width:509px;height:auto\" srcset=\"\/wp-content\/uploads\/2023\/08\/Temple-de-Diana-1-683x1024.jpg 683w, \/wp-content\/uploads\/2023\/08\/Temple-de-Diana-1-200x300.jpg 200w, \/wp-content\/uploads\/2023\/08\/Temple-de-Diana-1-768x1152.jpg 768w, \/wp-content\/uploads\/2023\/08\/Temple-de-Diana-1-1024x1536.jpg 1024w, \/wp-content\/uploads\/2023\/08\/Temple-de-Diana-1-1366x2048.jpg 1366w, \/wp-content\/uploads\/2023\/08\/Temple-de-Diana-1-scaled.jpg 1707w\" sizes=\"(max-width: 683px) 100vw, 683px\" \/><figcaption class=\"wp-element-caption\">Templo de Diana<\/figcaption><\/figure>\n<\/div>\n\n\n<p>Fi\u00e8rement dress\u00e9 au c\u0153ur de la ville, le <a href=\"https:\/\/goo.gl\/maps\/o8wthek9jiDMLX1x8\" target=\"_blank\" rel=\"noreferrer noopener\">Temple de Diane<\/a> est un h\u00e9ritage de la Rome Antique, datant vraisemblablement du 1er si\u00e8cle de notre \u00e8re. D\u00e9di\u00e9 \u00e0 la d\u00e9esse de la chasse et de la lune, le temple est d&#8217;abord un lieu de culte dans la florissante colonie romaine d\u2019\u00c9vora. Sa fonction fluctue ensuite avec l\u2019essor et la chute de plusieurs empires.<\/p>\n\n\n\n<p>Employ\u00e9 comme forteresse sous le r\u00e8gne des Maures, puis comme march\u00e9 \u00e0 l\u2019\u00e9poque m\u00e9di\u00e9vale, il figure aujourd&#8217;hui sur la prestigieuse liste du patrimoine mondial de l\u2019UNESCO. Le Temple de Diane invite les voyageurs \u00e0 s\u2019\u00e9merveiller devant ses impressionnantes colonnes corinthiennes, ses d\u00e9tails architecturaux raffin\u00e9s et son ind\u00e9niable intemporalit\u00e9.&nbsp;<\/p>\n\n\n\n<h4 class=\"wp-block-heading\" id=\"h-pause-au-jardim-diana-nbsp\">Pause au Jardim Diana&nbsp;<\/h4>\n\n\n\n<figure class=\"wp-block-gallery aligncenter has-nested-images columns-2 is-cropped wp-block-gallery-4 is-layout-flex wp-block-gallery-is-layout-flex\">\n<figure class=\"wp-block-image size-large\"><img loading=\"lazy\" decoding=\"async\" width=\"683\" height=\"1024\" data-id=\"18192\" src=\"\/wp-content\/uploads\/2023\/08\/Jardin-Diana-1-683x1024.jpg\" alt=\"Jardim Diana\" class=\"wp-image-18192\" srcset=\"\/wp-content\/uploads\/2023\/08\/Jardin-Diana-1-683x1024.jpg 683w, \/wp-content\/uploads\/2023\/08\/Jardin-Diana-1-200x300.jpg 200w, \/wp-content\/uploads\/2023\/08\/Jardin-Diana-1-768x1152.jpg 768w, \/wp-content\/uploads\/2023\/08\/Jardin-Diana-1-1024x1536.jpg 1024w, \/wp-content\/uploads\/2023\/08\/Jardin-Diana-1-1366x2048.jpg 1366w, \/wp-content\/uploads\/2023\/08\/Jardin-Diana-1-scaled.jpg 1707w\" sizes=\"(max-width: 683px) 100vw, 683px\" \/><\/figure>\n\n\n\n<figure class=\"wp-block-image size-large\"><img loading=\"lazy\" decoding=\"async\" width=\"683\" height=\"1024\" data-id=\"18196\" src=\"\/wp-content\/uploads\/2023\/08\/Mirador-du-jardin-de-Diana-3-1-683x1024.jpg\" alt=\"escapade d'un jour \u00e0 \u00c9vora - day trip to \u00c9vora - Jardim Diana\" class=\"wp-image-18196\" srcset=\"\/wp-content\/uploads\/2023\/08\/Mirador-du-jardin-de-Diana-3-1-683x1024.jpg 683w, \/wp-content\/uploads\/2023\/08\/Mirador-du-jardin-de-Diana-3-1-200x300.jpg 200w, \/wp-content\/uploads\/2023\/08\/Mirador-du-jardin-de-Diana-3-1-768x1152.jpg 768w, \/wp-content\/uploads\/2023\/08\/Mirador-du-jardin-de-Diana-3-1-1024x1536.jpg 1024w, \/wp-content\/uploads\/2023\/08\/Mirador-du-jardin-de-Diana-3-1-1366x2048.jpg 1366w, \/wp-content\/uploads\/2023\/08\/Mirador-du-jardin-de-Diana-3-1-scaled.jpg 1707w\" sizes=\"(max-width: 683px) 100vw, 683px\" \/><\/figure>\n\n\n\n<figure class=\"wp-block-image size-large\"><img loading=\"lazy\" decoding=\"async\" width=\"1024\" height=\"683\" data-id=\"18205\" src=\"\/wp-content\/uploads\/2023\/08\/Mirador-du-jardin-de-Diana-1-1-1024x683.jpg\" alt=\"\" class=\"wp-image-18205\" srcset=\"\/wp-content\/uploads\/2023\/08\/Mirador-du-jardin-de-Diana-1-1-1024x683.jpg 1024w, \/wp-content\/uploads\/2023\/08\/Mirador-du-jardin-de-Diana-1-1-300x200.jpg 300w, \/wp-content\/uploads\/2023\/08\/Mirador-du-jardin-de-Diana-1-1-768x512.jpg 768w, \/wp-content\/uploads\/2023\/08\/Mirador-du-jardin-de-Diana-1-1-1536x1024.jpg 1536w, \/wp-content\/uploads\/2023\/08\/Mirador-du-jardin-de-Diana-1-1-2048x1366.jpg 2048w\" sizes=\"(max-width: 1024px) 100vw, 1024px\" \/><\/figure>\n<\/figure>\n\n\n\n<p>Camp\u00e9 devant le majestueux Temple de Diane et couronn\u00e9 d\u2019un mirador, ce <a href=\"https:\/\/goo.gl\/maps\/WW2SyuotvbCUcJRXA\" target=\"_blank\" rel=\"noreferrer noopener\">joli petit parc <\/a>est tout indiqu\u00e9 pour une pause. On y trouve un peu d\u2019ombre bienvenue, un kiosque o\u00f9 se rafra\u00eechir avec une <em>Cerveja, <\/em>ainsi qu\u2019une charmante vue sur les toits d\u2019\u00c9vora.&nbsp;<\/p>\n\n\n\n<h4 class=\"wp-block-heading\" id=\"h-diner-au-sympathique-pateo-nbsp\">D\u00eener au sympathique P\u00e1teo&nbsp;<\/h4>\n\n\n\n<div class=\"wp-block-columns alignwide is-layout-flex wp-container-core-columns-is-layout-9d6595d7 wp-block-columns-is-layout-flex\">\n<div class=\"wp-block-column is-layout-flow wp-block-column-is-layout-flow\" style=\"flex-basis:100%\">\n<figure class=\"wp-block-gallery alignwide has-nested-images columns-default is-cropped wp-block-gallery-5 is-layout-flex wp-block-gallery-is-layout-flex\">\n<figure class=\"wp-block-image size-large\"><img loading=\"lazy\" decoding=\"async\" width=\"683\" height=\"1024\" data-id=\"18212\" src=\"\/wp-content\/uploads\/2023\/08\/Pateo--683x1024.jpg\" alt=\"restaurant P\u00e1teo\" class=\"wp-image-18212\" srcset=\"\/wp-content\/uploads\/2023\/08\/Pateo--683x1024.jpg 683w, \/wp-content\/uploads\/2023\/08\/Pateo--200x300.jpg 200w, \/wp-content\/uploads\/2023\/08\/Pateo--768x1152.jpg 768w, \/wp-content\/uploads\/2023\/08\/Pateo--1024x1536.jpg 1024w, \/wp-content\/uploads\/2023\/08\/Pateo--1366x2048.jpg 1366w, \/wp-content\/uploads\/2023\/08\/Pateo--scaled.jpg 1707w\" sizes=\"(max-width: 683px) 100vw, 683px\" \/><\/figure>\n\n\n\n<figure class=\"wp-block-image size-large\"><img loading=\"lazy\" decoding=\"async\" width=\"683\" height=\"1024\" data-id=\"18214\" src=\"\/wp-content\/uploads\/2023\/08\/Pateo-restaurant-1-2-683x1024.jpg\" alt=\"restaurant P\u00e1teo\" class=\"wp-image-18214\" srcset=\"\/wp-content\/uploads\/2023\/08\/Pateo-restaurant-1-2-683x1024.jpg 683w, \/wp-content\/uploads\/2023\/08\/Pateo-restaurant-1-2-200x300.jpg 200w, \/wp-content\/uploads\/2023\/08\/Pateo-restaurant-1-2-768x1152.jpg 768w, \/wp-content\/uploads\/2023\/08\/Pateo-restaurant-1-2-1024x1536.jpg 1024w, \/wp-content\/uploads\/2023\/08\/Pateo-restaurant-1-2-1366x2048.jpg 1366w, \/wp-content\/uploads\/2023\/08\/Pateo-restaurant-1-2-scaled.jpg 1707w\" sizes=\"(max-width: 683px) 100vw, 683px\" \/><\/figure>\n<\/figure>\n<\/div>\n<\/div>\n\n\n\n<p>Pour un bon repas sans fioritures dans un joli cadre, le <a href=\"https:\/\/goo.gl\/maps\/g1n8hDVzZt7yJ3Qg8\" target=\"_blank\" rel=\"noreferrer noopener\">P\u00e1teo<\/a> est l&#8217;adresse parfaite. Le menu combine les saveurs de la r\u00e9gion et la cuisine portugaise traditionnelle \u2014 \u00e0 prix tr\u00e8s raisonnable.<\/p>\n\n\n\n<p>La grande terrasse est anim\u00e9e par une ambiance chaleureuse, avec un personnel accueillant et attentionn\u00e9. Les cocktails sont franchement d\u00e9licieux et les assiettes savoureuses sont pr\u00e9sent\u00e9es dans des plats de terre cuite invitant au partage. Sur la carte : le fameux <em>porco preto <\/em>(sp\u00e9cialit\u00e9 de la r\u00e9gion), de (sublimes) crevettes grill\u00e9es, des planches de fromages et de charcuteries, et une vari\u00e9t\u00e9 de grillades.&nbsp;<\/p>\n\n\n\n<p>D\u2019autres options de restaurants \u00e0 \u00c9vora:<\/p>\n\n\n\n<ul class=\"wp-block-list\">\n<li><a href=\"https:\/\/goo.gl\/maps\/9rm4w9SED7ngzbFfA\" target=\"_blank\" rel=\"noreferrer noopener\">Botequim da Mouraria<\/a><\/li>\n\n\n\n<li><a href=\"https:\/\/goo.gl\/maps\/RvBqk1nLGKZHLZ5Y8\" target=\"_blank\" rel=\"noreferrer noopener\">Taberna Tipica Quarta-feira<\/a><\/li>\n\n\n\n<li><a href=\"https:\/\/goo.gl\/maps\/CWwQpcH1tnmp9dic6\" target=\"_blank\" rel=\"noreferrer noopener\">Tua Madre<\/a><\/li>\n<\/ul>\n\n\n\n<h4 class=\"wp-block-heading\" id=\"h-visite-feerique-a-la-cathedrale-se-de-evora-nbsp\">Visite f\u00e9erique \u00e0 la Cath\u00e9drale S\u00e9 de \u00c9vora&nbsp;<\/h4>\n\n\n<div class=\"wp-block-image\">\n<figure class=\"aligncenter size-large\"><img loading=\"lazy\" decoding=\"async\" width=\"1024\" height=\"683\" src=\"\/wp-content\/uploads\/2023\/08\/Cathe\u0301drale-7-1-1-1024x683.jpg\" alt=\"escapade d'un jour \u00e0 \u00c9vora - day trip to \u00c9vora - Cath\u00e9drale S\u00e9 de \u00c9vora\u00a0- S\u00e9 Cathedral of \u00c9vora \" class=\"wp-image-18224\" srcset=\"\/wp-content\/uploads\/2023\/08\/Cathe\u0301drale-7-1-1-1024x683.jpg 1024w, \/wp-content\/uploads\/2023\/08\/Cathe\u0301drale-7-1-1-300x200.jpg 300w, \/wp-content\/uploads\/2023\/08\/Cathe\u0301drale-7-1-1-768x512.jpg 768w, \/wp-content\/uploads\/2023\/08\/Cathe\u0301drale-7-1-1-1536x1024.jpg 1536w, \/wp-content\/uploads\/2023\/08\/Cathe\u0301drale-7-1-1-2048x1366.jpg 2048w\" sizes=\"(max-width: 1024px) 100vw, 1024px\" \/><\/figure>\n<\/div>\n\n\n<figure class=\"wp-block-gallery aligncenter has-nested-images columns-2 is-cropped wp-block-gallery-6 is-layout-flex wp-block-gallery-is-layout-flex\">\n<figure class=\"wp-block-image size-large\"><img loading=\"lazy\" decoding=\"async\" width=\"683\" height=\"1024\" data-id=\"18232\" src=\"\/wp-content\/uploads\/2023\/08\/Cathe\u0301drale4-2-683x1024.jpg\" alt=\"escapade d'un jour \u00e0 \u00c9vora - day trip in \u00c9vora - Cath\u00e9drale S\u00e9 de \u00c9vora\u00a0- S\u00e9 Cathedral of \u00c9vora \" class=\"wp-image-18232\" srcset=\"\/wp-content\/uploads\/2023\/08\/Cathe\u0301drale4-2-683x1024.jpg 683w, \/wp-content\/uploads\/2023\/08\/Cathe\u0301drale4-2-200x300.jpg 200w, \/wp-content\/uploads\/2023\/08\/Cathe\u0301drale4-2-768x1152.jpg 768w, \/wp-content\/uploads\/2023\/08\/Cathe\u0301drale4-2-1024x1536.jpg 1024w, \/wp-content\/uploads\/2023\/08\/Cathe\u0301drale4-2-1366x2048.jpg 1366w, \/wp-content\/uploads\/2023\/08\/Cathe\u0301drale4-2-scaled.jpg 1707w\" sizes=\"(max-width: 683px) 100vw, 683px\" \/><\/figure>\n\n\n\n<figure class=\"wp-block-image size-large\"><img loading=\"lazy\" decoding=\"async\" width=\"683\" height=\"1024\" data-id=\"18230\" src=\"\/wp-content\/uploads\/2023\/08\/Cathe\u0301drale-1-2-683x1024.jpg\" alt=\"escapade d'un jour \u00e0 \u00c9vora - day trip in \u00c9vora - Cath\u00e9drale S\u00e9 de \u00c9vora\u00a0- S\u00e9 Cathedral of \u00c9vora \" class=\"wp-image-18230\" srcset=\"\/wp-content\/uploads\/2023\/08\/Cathe\u0301drale-1-2-683x1024.jpg 683w, \/wp-content\/uploads\/2023\/08\/Cathe\u0301drale-1-2-200x300.jpg 200w, \/wp-content\/uploads\/2023\/08\/Cathe\u0301drale-1-2-768x1152.jpg 768w, \/wp-content\/uploads\/2023\/08\/Cathe\u0301drale-1-2-1024x1536.jpg 1024w, \/wp-content\/uploads\/2023\/08\/Cathe\u0301drale-1-2-1366x2048.jpg 1366w, \/wp-content\/uploads\/2023\/08\/Cathe\u0301drale-1-2-scaled.jpg 1707w\" sizes=\"(max-width: 683px) 100vw, 683px\" \/><\/figure>\n<\/figure>\n\n\n\n<p>Impr\u00e9gn\u00e9 de si\u00e8cles d\u2019histoire, <a href=\"http:\/\/www.evoracathedral.com\/?lang=en\" target=\"_blank\" rel=\"noreferrer noopener\">ce chef d\u2019\u0153uvre d\u2019architecture gothique<\/a> vous plongera dans un songe m\u00e9di\u00e9val. La cath\u00e9drale \u00e9merveille par son imposante fa\u00e7ade, ses plafonds vo\u00fbt\u00e9s orn\u00e9s d\u2019arcs gracieux, ses reliques sacr\u00e9es et son atmosph\u00e8re \u00e9th\u00e9r\u00e9e. Toutefois, le clou du spectacle se trouve au sommet de ses tours : on y profite d\u2019une vue \u00e0 couper le souffle sur la beaut\u00e9 sereine d\u2019\u00c9vora et le paysage vallonn\u00e9 de l\u2019Alentejo. N\u2019oubliez pas votre cam\u00e9ra ! &nbsp;<\/p>\n\n\n\n<p>Co\u00fbt d&#8217;entr\u00e9e: Entre 2 et 5 euros. Donne acc\u00e8s \u00e0 la cath\u00e9drale, le clo\u00eetre, la tour et le mus\u00e9e d\u2019art sacr\u00e9.<\/p>\n\n\n\n<p class=\"has-small-font-size\"><em>Tous les cr\u00e9dits photos:  Caroline Sobral Cabana<\/em><\/p>\n","protected":false},"excerpt":{"rendered":"<p>Bienvenue dans la f\u00e9erique ville d\u2019\u00c9vora, joyau captivant de l\u2019Alentejo habill\u00e9 de paysages pittoresques et charg\u00e9 d\u2019histoire.<\/p>\n","protected":false},"author":147,"featured_media":18668,"comment_status":"closed","ping_status":"closed","sticky":false,"template":"","format":"standard","meta":{"_acf_changed":false,"footnotes":""},"categories":[],"tags":[],"destinations":[2059],"travel-themes":[2154],"segments":[],"class_list":["post-18163","post","type-post","status-publish","format-standard","has-post-thumbnail","hentry","destinations-portugal","travel-themes-itineraires"],"acf":[],"yoast_head":"<!-- This site is optimized with the Yoast SEO Premium plugin v22.4 (Yoast SEO v22.6) - https:\/\/yoast.com\/wordpress\/plugins\/seo\/ -->\n<title>Portugal: Excursion \u00e0 \u00c9vora depuis Lisbonne | #ExperienceTransat<\/title>\n<meta name=\"description\" content=\"Bienvenue dans la f\u00e9erique ville d\u2019\u00c9vora ! \u00c0 une centaine de kilom\u00e8tres de Lisbonne, \u00c9vora se d\u00e9couvre parfaitement en excursion d\u2019un jour.\" \/>\n<meta name=\"robots\" content=\"index, follow, max-snippet:-1, max-image-preview:large, max-video-preview:-1\" \/>\n<link rel=\"canonical\" href=\"https:\/\/experience.transat.com\/fr\/lisbonne-excursion-a-evora-portugal\/\" \/>\n<meta property=\"og:locale\" content=\"fr_FR\" \/>\n<meta property=\"og:type\" content=\"article\" \/>\n<meta property=\"og:title\" content=\"Envo\u00fbtante \u00c9vora: escapade d&#039;une journ\u00e9e depuis Lisbonne\" \/>\n<meta property=\"og:description\" content=\"Bienvenue dans la f\u00e9erique ville d\u2019\u00c9vora ! \u00c0 une centaine de kilom\u00e8tres de Lisbonne, \u00c9vora se d\u00e9couvre parfaitement en excursion d\u2019un jour.\" \/>\n<meta property=\"og:url\" content=\"https:\/\/experience.transat.com\/fr\/lisbonne-excursion-a-evora-portugal\/\" \/>\n<meta property=\"og:site_name\" content=\"Experience Transat\" \/>\n<meta property=\"article:published_time\" content=\"2023-08-29T17:50:52+00:00\" \/>\n<meta property=\"article:modified_time\" content=\"2025-08-29T19:12:54+00:00\" \/>\n<meta property=\"og:image\" content=\"https:\/\/experience.transat.com\/wp-content\/uploads\/2023\/08\/Cathe\u0301drale5-1-2-scaled.jpg\" \/>\n\t<meta property=\"og:image:width\" content=\"2560\" \/>\n\t<meta property=\"og:image:height\" content=\"1707\" \/>\n\t<meta property=\"og:image:type\" content=\"image\/jpeg\" \/>\n<meta name=\"author\" content=\"Caroline Sobral Cabana\" \/>\n<meta name=\"twitter:card\" content=\"summary_large_image\" \/>\n<meta name=\"twitter:label1\" content=\"Written by\" \/>\n\t<meta name=\"twitter:data1\" content=\"Caroline Sobral Cabana\" \/>\n\t<meta name=\"twitter:label2\" content=\"Est. reading time\" \/>\n\t<meta name=\"twitter:data2\" content=\"8 minutes\" \/>\n<script type=\"application\/ld+json\" class=\"yoast-schema-graph\">{\"@context\":\"https:\/\/schema.org\",\"@graph\":[{\"@type\":\"Article\",\"@id\":\"https:\/\/experience.transat.com\/fr\/lisbonne-excursion-a-evora-portugal\/#article\",\"isPartOf\":{\"@id\":\"https:\/\/experience.transat.com\/fr\/lisbonne-excursion-a-evora-portugal\/\"},\"author\":{\"name\":\"Caroline Sobral Cabana\",\"@id\":\"https:\/\/experience.transat.com\/#\/schema\/person\/6908ee9abc6d762168ef74967d3b8c4b\"},\"headline\":\"Envo\u00fbtante \u00c9vora: escapade d&#8217;une journ\u00e9e depuis Lisbonne\",\"datePublished\":\"2023-08-29T17:50:52+00:00\",\"dateModified\":\"2025-08-29T19:12:54+00:00\",\"mainEntityOfPage\":{\"@id\":\"https:\/\/experience.transat.com\/fr\/lisbonne-excursion-a-evora-portugal\/\"},\"wordCount\":1123,\"publisher\":{\"@id\":\"https:\/\/experience.transat.com\/#organization\"},\"image\":{\"@id\":\"https:\/\/experience.transat.com\/fr\/lisbonne-excursion-a-evora-portugal\/#primaryimage\"},\"thumbnailUrl\":\"\/wp-content\/uploads\/2023\/08\/Cathe\u0301drale5-1-2-scaled.jpg\",\"inLanguage\":\"fr-FR\"},{\"@type\":\"WebPage\",\"@id\":\"https:\/\/experience.transat.com\/fr\/lisbonne-excursion-a-evora-portugal\/\",\"url\":\"https:\/\/experience.transat.com\/fr\/lisbonne-excursion-a-evora-portugal\/\",\"name\":\"Portugal: Excursion \u00e0 \u00c9vora depuis Lisbonne | #ExperienceTransat\",\"isPartOf\":{\"@id\":\"https:\/\/experience.transat.com\/#website\"},\"primaryImageOfPage\":{\"@id\":\"https:\/\/experience.transat.com\/fr\/lisbonne-excursion-a-evora-portugal\/#primaryimage\"},\"image\":{\"@id\":\"https:\/\/experience.transat.com\/fr\/lisbonne-excursion-a-evora-portugal\/#primaryimage\"},\"thumbnailUrl\":\"\/wp-content\/uploads\/2023\/08\/Cathe\u0301drale5-1-2-scaled.jpg\",\"datePublished\":\"2023-08-29T17:50:52+00:00\",\"dateModified\":\"2025-08-29T19:12:54+00:00\",\"description\":\"Bienvenue dans la f\u00e9erique ville d\u2019\u00c9vora ! \u00c0 une centaine de kilom\u00e8tres de Lisbonne, \u00c9vora se d\u00e9couvre parfaitement en excursion d\u2019un jour.\",\"breadcrumb\":{\"@id\":\"https:\/\/experience.transat.com\/fr\/lisbonne-excursion-a-evora-portugal\/#breadcrumb\"},\"inLanguage\":\"fr-FR\",\"potentialAction\":[{\"@type\":\"ReadAction\",\"target\":[\"https:\/\/experience.transat.com\/fr\/lisbonne-excursion-a-evora-portugal\/\"]}]},{\"@type\":\"ImageObject\",\"inLanguage\":\"fr-FR\",\"@id\":\"https:\/\/experience.transat.com\/fr\/lisbonne-excursion-a-evora-portugal\/#primaryimage\",\"url\":\"\/wp-content\/uploads\/2023\/08\/Cathe\u0301drale5-1-2-scaled.jpg\",\"contentUrl\":\"\/wp-content\/uploads\/2023\/08\/Cathe\u0301drale5-1-2-scaled.jpg\",\"width\":2560,\"height\":1707},{\"@type\":\"BreadcrumbList\",\"@id\":\"https:\/\/experience.transat.com\/fr\/lisbonne-excursion-a-evora-portugal\/#breadcrumb\",\"itemListElement\":[{\"@type\":\"ListItem\",\"position\":1,\"name\":\"Home\",\"item\":\"https:\/\/experience.transat.com\/fr\/accueil\/\"},{\"@type\":\"ListItem\",\"position\":2,\"name\":\"Envo\u00fbtante \u00c9vora: escapade d&#8217;une journ\u00e9e depuis Lisbonne\"}]},{\"@type\":\"WebSite\",\"@id\":\"https:\/\/experience.transat.com\/#website\",\"url\":\"https:\/\/experience.transat.com\/\",\"name\":\"#ExperienceTransat\",\"description\":\"Welcome to the Experience Transat Blog. Find travel tips from our expert travellers for every Transat destination. Happy Travels!\",\"publisher\":{\"@id\":\"https:\/\/experience.transat.com\/#organization\"},\"potentialAction\":[{\"@type\":\"SearchAction\",\"target\":{\"@type\":\"EntryPoint\",\"urlTemplate\":\"https:\/\/experience.transat.com\/?s={search_term_string}\"},\"query-input\":\"required name=search_term_string\"}],\"inLanguage\":\"fr-FR\"},{\"@type\":\"Organization\",\"@id\":\"https:\/\/experience.transat.com\/#organization\",\"name\":\"#ExperienceTransat\",\"alternateName\":\"Air Transat Travel Blog\",\"url\":\"https:\/\/experience.transat.com\/\",\"logo\":{\"@type\":\"ImageObject\",\"inLanguage\":\"fr-FR\",\"@id\":\"https:\/\/experience.transat.com\/#\/schema\/logo\/image\/\",\"url\":\"\/wp-content\/uploads\/2023\/09\/cropped-Transat-logo.jpg\",\"contentUrl\":\"\/wp-content\/uploads\/2023\/09\/cropped-Transat-logo.jpg\",\"width\":2301,\"height\":657,\"caption\":\"#ExperienceTransat\"},\"image\":{\"@id\":\"https:\/\/experience.transat.com\/#\/schema\/logo\/image\/\"}},{\"@type\":\"Person\",\"@id\":\"https:\/\/experience.transat.com\/#\/schema\/person\/6908ee9abc6d762168ef74967d3b8c4b\",\"name\":\"Caroline Sobral Cabana\",\"image\":{\"@type\":\"ImageObject\",\"inLanguage\":\"fr-FR\",\"@id\":\"https:\/\/experience.transat.com\/#\/schema\/person\/image\/\",\"url\":\"\/wp-content\/uploads\/2024\/04\/Caroline-Sobral-Cabana.jpg\",\"contentUrl\":\"\/wp-content\/uploads\/2024\/04\/Caroline-Sobral-Cabana.jpg\",\"caption\":\"Caroline Sobral Cabana\"},\"description\":\"With her Quebec and Portuguese heritage and a love of all things beautiful, Caroline is a culture and history enthusiast. Relentlessly curious, she enjoys capturing the essence of the places she (re)discovers and sharing her impressions through words and images. She joined Air Transat in 2021 as Marketing and Social Media Coordinator.\",\"url\":\"https:\/\/experience.transat.com\/fr\/author\/caroline-sobral-cabana\/\"}]}<\/script>\n<!-- \/ Yoast SEO Premium plugin. -->","yoast_head_json":{"title":"Portugal: Excursion \u00e0 \u00c9vora depuis Lisbonne | #ExperienceTransat","description":"Bienvenue dans la f\u00e9erique ville d\u2019\u00c9vora ! \u00c0 une centaine de kilom\u00e8tres de Lisbonne, \u00c9vora se d\u00e9couvre parfaitement en excursion d\u2019un jour.","robots":{"index":"index","follow":"follow","max-snippet":"max-snippet:-1","max-image-preview":"max-image-preview:large","max-video-preview":"max-video-preview:-1"},"canonical":"https:\/\/experience.transat.com\/fr\/lisbonne-excursion-a-evora-portugal\/","og_locale":"fr_FR","og_type":"article","og_title":"Envo\u00fbtante \u00c9vora: escapade d'une journ\u00e9e depuis Lisbonne","og_description":"Bienvenue dans la f\u00e9erique ville d\u2019\u00c9vora ! \u00c0 une centaine de kilom\u00e8tres de Lisbonne, \u00c9vora se d\u00e9couvre parfaitement en excursion d\u2019un jour.","og_url":"https:\/\/experience.transat.com\/fr\/lisbonne-excursion-a-evora-portugal\/","og_site_name":"Experience Transat","article_published_time":"2023-08-29T17:50:52+00:00","article_modified_time":"2025-08-29T19:12:54+00:00","og_image":[{"width":2560,"height":1707,"url":"https:\/\/experience.transat.com\/wp-content\/uploads\/2023\/08\/Cathe\u0301drale5-1-2-scaled.jpg","type":"image\/jpeg"}],"author":"Caroline Sobral Cabana","twitter_card":"summary_large_image","twitter_misc":{"Written by":"Caroline Sobral Cabana","Est. reading time":"8 minutes"},"schema":{"@context":"https:\/\/schema.org","@graph":[{"@type":"Article","@id":"https:\/\/experience.transat.com\/fr\/lisbonne-excursion-a-evora-portugal\/#article","isPartOf":{"@id":"https:\/\/experience.transat.com\/fr\/lisbonne-excursion-a-evora-portugal\/"},"author":{"name":"Caroline Sobral Cabana","@id":"https:\/\/experience.transat.com\/#\/schema\/person\/6908ee9abc6d762168ef74967d3b8c4b"},"headline":"Envo\u00fbtante \u00c9vora: escapade d&#8217;une journ\u00e9e depuis Lisbonne","datePublished":"2023-08-29T17:50:52+00:00","dateModified":"2025-08-29T19:12:54+00:00","mainEntityOfPage":{"@id":"https:\/\/experience.transat.com\/fr\/lisbonne-excursion-a-evora-portugal\/"},"wordCount":1123,"publisher":{"@id":"https:\/\/experience.transat.com\/#organization"},"image":{"@id":"https:\/\/experience.transat.com\/fr\/lisbonne-excursion-a-evora-portugal\/#primaryimage"},"thumbnailUrl":"\/wp-content\/uploads\/2023\/08\/Cathe\u0301drale5-1-2-scaled.jpg","inLanguage":"fr-FR"},{"@type":"WebPage","@id":"https:\/\/experience.transat.com\/fr\/lisbonne-excursion-a-evora-portugal\/","url":"https:\/\/experience.transat.com\/fr\/lisbonne-excursion-a-evora-portugal\/","name":"Portugal: Excursion \u00e0 \u00c9vora depuis Lisbonne | #ExperienceTransat","isPartOf":{"@id":"https:\/\/experience.transat.com\/#website"},"primaryImageOfPage":{"@id":"https:\/\/experience.transat.com\/fr\/lisbonne-excursion-a-evora-portugal\/#primaryimage"},"image":{"@id":"https:\/\/experience.transat.com\/fr\/lisbonne-excursion-a-evora-portugal\/#primaryimage"},"thumbnailUrl":"\/wp-content\/uploads\/2023\/08\/Cathe\u0301drale5-1-2-scaled.jpg","datePublished":"2023-08-29T17:50:52+00:00","dateModified":"2025-08-29T19:12:54+00:00","description":"Bienvenue dans la f\u00e9erique ville d\u2019\u00c9vora ! \u00c0 une centaine de kilom\u00e8tres de Lisbonne, \u00c9vora se d\u00e9couvre parfaitement en excursion d\u2019un jour.","breadcrumb":{"@id":"https:\/\/experience.transat.com\/fr\/lisbonne-excursion-a-evora-portugal\/#breadcrumb"},"inLanguage":"fr-FR","potentialAction":[{"@type":"ReadAction","target":["https:\/\/experience.transat.com\/fr\/lisbonne-excursion-a-evora-portugal\/"]}]},{"@type":"ImageObject","inLanguage":"fr-FR","@id":"https:\/\/experience.transat.com\/fr\/lisbonne-excursion-a-evora-portugal\/#primaryimage","url":"\/wp-content\/uploads\/2023\/08\/Cathe\u0301drale5-1-2-scaled.jpg","contentUrl":"\/wp-content\/uploads\/2023\/08\/Cathe\u0301drale5-1-2-scaled.jpg","width":2560,"height":1707},{"@type":"BreadcrumbList","@id":"https:\/\/experience.transat.com\/fr\/lisbonne-excursion-a-evora-portugal\/#breadcrumb","itemListElement":[{"@type":"ListItem","position":1,"name":"Home","item":"https:\/\/experience.transat.com\/fr\/accueil\/"},{"@type":"ListItem","position":2,"name":"Envo\u00fbtante \u00c9vora: escapade d&#8217;une journ\u00e9e depuis Lisbonne"}]},{"@type":"WebSite","@id":"https:\/\/experience.transat.com\/#website","url":"https:\/\/experience.transat.com\/","name":"#ExperienceTransat","description":"Welcome to the Experience Transat Blog. Find travel tips from our expert travellers for every Transat destination. Happy Travels!","publisher":{"@id":"https:\/\/experience.transat.com\/#organization"},"potentialAction":[{"@type":"SearchAction","target":{"@type":"EntryPoint","urlTemplate":"https:\/\/experience.transat.com\/?s={search_term_string}"},"query-input":"required name=search_term_string"}],"inLanguage":"fr-FR"},{"@type":"Organization","@id":"https:\/\/experience.transat.com\/#organization","name":"#ExperienceTransat","alternateName":"Air Transat Travel Blog","url":"https:\/\/experience.transat.com\/","logo":{"@type":"ImageObject","inLanguage":"fr-FR","@id":"https:\/\/experience.transat.com\/#\/schema\/logo\/image\/","url":"\/wp-content\/uploads\/2023\/09\/cropped-Transat-logo.jpg","contentUrl":"\/wp-content\/uploads\/2023\/09\/cropped-Transat-logo.jpg","width":2301,"height":657,"caption":"#ExperienceTransat"},"image":{"@id":"https:\/\/experience.transat.com\/#\/schema\/logo\/image\/"}},{"@type":"Person","@id":"https:\/\/experience.transat.com\/#\/schema\/person\/6908ee9abc6d762168ef74967d3b8c4b","name":"Caroline Sobral Cabana","image":{"@type":"ImageObject","inLanguage":"fr-FR","@id":"https:\/\/experience.transat.com\/#\/schema\/person\/image\/","url":"\/wp-content\/uploads\/2024\/04\/Caroline-Sobral-Cabana.jpg","contentUrl":"\/wp-content\/uploads\/2024\/04\/Caroline-Sobral-Cabana.jpg","caption":"Caroline Sobral Cabana"},"description":"With her Quebec and Portuguese heritage and a love of all things beautiful, Caroline is a culture and history enthusiast. Relentlessly curious, she enjoys capturing the essence of the places she (re)discovers and sharing her impressions through words and images. She joined Air Transat in 2021 as Marketing and Social Media Coordinator.","url":"https:\/\/experience.transat.com\/fr\/author\/caroline-sobral-cabana\/"}]}},"_links":{"self":[{"href":"https:\/\/experience.transat.com\/fr\/wp-json\/wp\/v2\/posts\/18163","targetHints":{"allow":["GET"]}}],"collection":[{"href":"https:\/\/experience.transat.com\/fr\/wp-json\/wp\/v2\/posts"}],"about":[{"href":"https:\/\/experience.transat.com\/fr\/wp-json\/wp\/v2\/types\/post"}],"author":[{"embeddable":true,"href":"https:\/\/experience.transat.com\/fr\/wp-json\/wp\/v2\/users\/147"}],"replies":[{"embeddable":true,"href":"https:\/\/experience.transat.com\/fr\/wp-json\/wp\/v2\/comments?post=18163"}],"version-history":[{"count":57,"href":"https:\/\/experience.transat.com\/fr\/wp-json\/wp\/v2\/posts\/18163\/revisions"}],"predecessor-version":[{"id":36523,"href":"https:\/\/experience.transat.com\/fr\/wp-json\/wp\/v2\/posts\/18163\/revisions\/36523"}],"wp:featuredmedia":[{"embeddable":true,"href":"https:\/\/experience.transat.com\/fr\/wp-json\/wp\/v2\/media\/18668"}],"wp:attachment":[{"href":"https:\/\/experience.transat.com\/fr\/wp-json\/wp\/v2\/media?parent=18163"}],"wp:term":[{"taxonomy":"category","embeddable":true,"href":"https:\/\/experience.transat.com\/fr\/wp-json\/wp\/v2\/categories?post=18163"},{"taxonomy":"post_tag","embeddable":true,"href":"https:\/\/experience.transat.com\/fr\/wp-json\/wp\/v2\/tags?post=18163"},{"taxonomy":"destinations","embeddable":true,"href":"https:\/\/experience.transat.com\/fr\/wp-json\/wp\/v2\/destinations?post=18163"},{"taxonomy":"travel-themes","embeddable":true,"href":"https:\/\/experience.transat.com\/fr\/wp-json\/wp\/v2\/travel-themes?post=18163"},{"taxonomy":"segments","embeddable":true,"href":"https:\/\/experience.transat.com\/fr\/wp-json\/wp\/v2\/segments?post=18163"}],"curies":[{"name":"wp","href":"https:\/\/api.w.org\/{rel}","templated":true}]}}