{"id":22708,"date":"2026-01-09T15:25:00","date_gmt":"2026-01-09T20:25:00","guid":{"rendered":"https:\/\/experience.transat.com\/?p=22708"},"modified":"2026-04-08T09:57:56","modified_gmt":"2026-04-08T13:57:56","slug":"festivals-de-montreal-ete","status":"publish","type":"post","link":"https:\/\/experience.transat.com\/fr\/festivals-de-montreal-ete\/","title":{"rendered":"Le meilleur de l&#8217;\u00e9t\u00e9 2026 \u00e0 Montr\u00e9al gr\u00e2ce \u00e0 ces festivals"},"content":{"rendered":"\n<p>Apr\u00e8s six mois \u00e0 braver le frimas et la neige, les Montr\u00e9alaises et Montr\u00e9alais ne font pas que profiter de l&#8217;\u00e9t\u00e9: ils le d\u00e9vorent! Personne n&#8217;appr\u00e9cie autant le soleil que ceux qui ont pass\u00e9 la moiti\u00e9 de l&#8217;ann\u00e9e emmitoufl\u00e9s, et c&#8217;est pr\u00e9cis\u00e9ment ce qui donne \u00e0 Montr\u00e9al cette \u00e9lectricit\u00e9 unique de mai \u00e0 septembre. D\u00e8s que le mercure grimpe, la m\u00e9tropole bascule en mode festif et la saison des festivals explose aux quatre coins de la ville. Du Quartier des Spectacles au centre-ville en passant par le mythique&nbsp;parc Jean-Drapeau, l&#8217;effervescence est partout, en salle de spectacle comme en plein air dans un immense festival de musique \u00e0 ciel ouvert.<\/p>\n\n\n\n<p>Ici, chaque minute de chaleur se f\u00eate comme si c&#8217;\u00e9tait la derni\u00e8re. Venez cr\u00e9er des souvenirs inoubliables que les activit\u00e9s festivali\u00e8res de\u00a0<a href=\"https:\/\/experience.transat.com\/fr\/quoi-faire-montreal-48h\/\" target=\"_blank\" rel=\"noreferrer noopener\">Montr\u00e9al<\/a> <a href=\"https:\/\/experience.transat.com\/fr\/quoi-faire-montreal-48h\/\" target=\"_blank\" rel=\"noreferrer noopener\">ont \u00e0 offrir<\/a>. Plaisir garanti pour petits et grands!<\/p>\n\n\n\n<div class=\"wp-block-buttons is-content-justification-center is-layout-flex wp-container-core-buttons-is-layout-16018d1d wp-block-buttons-is-layout-flex\">\n<div class=\"wp-block-button has-custom-width wp-block-button__width-75 is-style-outline is-style-outline--1\"><a class=\"wp-block-button__link has-white-background-color has-background has-text-align-center has-custom-font-size wp-element-button\" href=\"https:\/\/www.airtransat.com\/fr-FR\/voyage-canada\/montreal\" style=\"border-radius:50px;font-size:22px;font-style:normal;font-weight:700\" target=\"_blank\" rel=\"noreferrer noopener\">\u2708\ufe0f R\u00e9servez votre vol sans escale au d\u00e9part de de 8 villes fran\u00e7aises vers Montr\u00e9al<\/a><\/div>\n<\/div>\n\n\n\n<h2 class=\"wp-block-heading\" id=\"h-premiers-vendredis-camions-de-rue\">Premiers vendredis &#8211; Camions de rue<\/h2>\n\n\n\n<figure class=\"wp-block-image size-large\"><img fetchpriority=\"high\" decoding=\"async\" width=\"1024\" height=\"682\" src=\"\/wp-content\/uploads\/2024\/01\/best-food-trucks-in-Montreal-meilleurs-food-trucks-a-Montreal-1024x682.jpg\" alt=\"best food trucks in Montreal - meilleurs food trucks \u00e0 Montr\u00e9al\" class=\"wp-image-22675\" srcset=\"\/wp-content\/uploads\/2024\/01\/best-food-trucks-in-Montreal-meilleurs-food-trucks-a-Montreal-1024x682.jpg 1024w, \/wp-content\/uploads\/2024\/01\/best-food-trucks-in-Montreal-meilleurs-food-trucks-a-Montreal-300x200.jpg 300w, \/wp-content\/uploads\/2024\/01\/best-food-trucks-in-Montreal-meilleurs-food-trucks-a-Montreal-768x512.jpg 768w, \/wp-content\/uploads\/2024\/01\/best-food-trucks-in-Montreal-meilleurs-food-trucks-a-Montreal-1536x1024.jpg 1536w, \/wp-content\/uploads\/2024\/01\/best-food-trucks-in-Montreal-meilleurs-food-trucks-a-Montreal.jpg 2000w\" sizes=\"(max-width: 1024px) 100vw, 1024px\" \/><figcaption class=\"wp-element-caption\">Cr\u00e9dit photo: Andr\u00e9 Quenneville\/Bonjour Qu\u00e9bec<\/figcaption><\/figure>\n\n\n\n<p id=\"h-quand-mai-a-octobre-2026\"><em>Quand: Mai \u00e0 octobre 2026<\/em><\/p>\n\n\n\n<p>Ce <a href=\"https:\/\/www.mtl.org\/fr\/quoi-faire\/festivals-et-evenements\/premiers-vendredis-les-restaurateurs-de-rue-de-montreal\" target=\"_blank\" rel=\"noreferrer noopener\">festival<\/a>, c&#8217;est le plus grand rassemblement de <em>food trucks<\/em> au Canada, qui c\u00e9l\u00e8bre la gastronomie urbaine au pied du mythique Stade Olympique. En 2026, l&#8217;\u00e9v\u00e9nement accentue son virage \u00e9coresponsable et th\u00e9matique, transformant l&#8217;Esplanade en un immense banquet \u00e0 ciel ouvert chaque premier vendredi du mois. DJ sets, terrasses \u00e9ph\u00e9m\u00e8res et saveurs du monde: c&#8217;est le rendez-vous incontournable des \u00e9picuriens.<\/p>\n\n\n\n<h2 class=\"wp-block-heading\" id=\"h-mondial-de-la-biere\">Mondial de la bi\u00e8re<\/h2>\n\n\n\n<p id=\"h-quand-fin-mai-2026\"><em>Quand: Fin mai 2026<\/em><\/p>\n\n\n\n<p>Le <a href=\"https:\/\/festivalmondialbiere.qc.ca\/\" target=\"_blank\" rel=\"noreferrer noopener\">Mondial de la Bi\u00e8re<\/a> est un \u00e9v\u00e9nement phare pour d\u00e9couvrir la culture brassicole de Montr\u00e9al et ses environs. C&#8217;est un lieu de rencontre privil\u00e9gi\u00e9 entre adeptes de bi\u00e8re afin de go\u00fbter une large gamme de bi\u00e8res artisanales, en particulier des microbrasseries qui red\u00e9finissent depuis plusieurs ann\u00e9es d\u00e9j\u00e0 la sc\u00e8ne brassicole locale par le biais de cr\u00e9ations comme des bi\u00e8res sans alcool, des fermentations spontan\u00e9es et des accords mets-bi\u00e8res audacieux.<\/p>\n\n\n\n<p>C&#8217;est une occasion d&#8217;interagir avec les artisans brasseurs, de partager des histoires, et m\u00eame de <a href=\"https:\/\/experience.transat.com\/fr\/meilleures-poutines-montreal\/\" target=\"_blank\" rel=\"noreferrer noopener\">savourer une poutine<\/a>.<\/p>\n\n\n\n<h2 class=\"wp-block-heading\" id=\"h-les-francos-de-montreal\">Les Francos de Montr\u00e9al<\/h2>\n\n\n\n<p id=\"h-quand-mi-juin-2026\"><em>Quand: Mi-juin 2026<\/em><\/p>\n\n\n\n<p>Le nom vous dit peut-\u00eatre quelque chose? Cet \u00e9v\u00e9nement partage en effet le nom des m\u00eames festivit\u00e9s qui se d\u00e9roulent chaque ann\u00e9e dans l&#8217;Hexagone, \u00e0 <a href=\"https:\/\/www.francofolies.fr\/\" target=\"_blank\" rel=\"noreferrer noopener\">La Rochelle<\/a>.<\/p>\n\n\n\n<p>Les <a href=\"https:\/\/www.francosmontreal.com\/\" target=\"_blank\" rel=\"noreferrer noopener\">Francos de Montr\u00e9al<\/a>, elles, sont le coup d&#8217;envoi de la saison estivale de Montr\u00e9al. Attirant plus d&#8217;un million de participantes et participants autour de la Place des Arts, ce festival de musique transforme le centre-ville en un carrefour de talents francophones, pr\u00e9sentant une diversit\u00e9 d&#8217;artistes et de genres. C&#8217;est une excellente occasion de perfectionner votre accent qu\u00e9b\u00e9cois avant de\u00a0partir \u00e0 la campagne!<\/p>\n\n\n\n<p>Le rappeur fran\u00e7ais Orelsan fera un passage remarqu\u00e9, tandis que la sc\u00e8ne de la Place des Arts accueillera C\u0153ur de Pirate, Julien Clerc et Laurent Voulzy. \u00c0 ne pas manquer \u00e9galement, le retour de Pierre Lapointe \u00e0 la Maison symphonique et la performance du duo ISHA &amp; Limsa d&#8217;Aulnay.<\/p>\n\n\n\n<h2 class=\"wp-block-heading\" id=\"h-mural\">Mural<\/h2>\n\n\n\n<figure class=\"wp-block-image size-large\"><img decoding=\"async\" width=\"1024\" height=\"682\" src=\"\/wp-content\/uploads\/2024\/01\/2024-Montreal-summer-festivals-MURAL-Montreal-Street-art-festival-a-Montreal-1024x682.jpg\" alt=\"2024 Montreal summer festivals - MURAL Montreal Street art - festival \u00e0 Montr\u00e9al\" class=\"wp-image-22687\" srcset=\"\/wp-content\/uploads\/2024\/01\/2024-Montreal-summer-festivals-MURAL-Montreal-Street-art-festival-a-Montreal-1024x682.jpg 1024w, \/wp-content\/uploads\/2024\/01\/2024-Montreal-summer-festivals-MURAL-Montreal-Street-art-festival-a-Montreal-300x200.jpg 300w, \/wp-content\/uploads\/2024\/01\/2024-Montreal-summer-festivals-MURAL-Montreal-Street-art-festival-a-Montreal-768x512.jpg 768w, \/wp-content\/uploads\/2024\/01\/2024-Montreal-summer-festivals-MURAL-Montreal-Street-art-festival-a-Montreal-1536x1024.jpg 1536w, \/wp-content\/uploads\/2024\/01\/2024-Montreal-summer-festivals-MURAL-Montreal-Street-art-festival-a-Montreal.jpg 2000w\" sizes=\"(max-width: 1024px) 100vw, 1024px\" \/><figcaption class=\"wp-element-caption\">Cr\u00e9dit photo: Ga\u00eblle LeRoyer\/Bonjour Qu\u00e9bec<\/figcaption><\/figure>\n\n\n\n<p id=\"h-quand-mi-juin-2026-0\"><em>Quand: Mi-juin 2026<\/em><\/p>\n\n\n\n<p>Le <a href=\"https:\/\/muralfestival.com\/fr\/\" target=\"_blank\" rel=\"noreferrer noopener\">festival d&#8217;art Mural<\/a> est un temps fort pour les adeptes d&#8217;urbanisme et d&#8217;arts sous toutes les formes! L&#8217;\u00e9v\u00e9nement transforme la ville en une galerie vivante, d\u00e9corant notamment le quartier du Plateau Mont-Royal de superbes murales. Le boulevard Saint-Laurent est ferm\u00e9 pour l&#8217;occasion et accueille une vari\u00e9t\u00e9 de camions de rue, d&#8217;artisans et de concerts gratuits en plein air, au gr\u00e9 d&#8217;une ambiance fort agr\u00e9able. En 2026, les exp\u00e9riences de r\u00e9alit\u00e9 augment\u00e9e s&#8217;ajoutent aux fresques physiques, offrant un parcours visuel technologique unique au c\u0153ur du mythique Plateau.<\/p>\n\n\n\n<h2 class=\"wp-block-heading\" id=\"h-festival-international-de-jazz-de-montreal\">Festival\u00a0International de Jazz de Montr\u00e9al<\/h2>\n\n\n\n<figure class=\"wp-block-image size-large\"><img decoding=\"async\" width=\"1024\" height=\"682\" src=\"\/wp-content\/uploads\/2024\/01\/2024-Montreal-summer-festivals-FrancoFolies-Place-des-Festivals-festival-a-Montreal-1024x682.jpg\" alt=\"2024 Montreal summer festivals - FrancoFolies - Place des Festivals - festival \u00e0 Montr\u00e9al\" class=\"wp-image-22705\" srcset=\"\/wp-content\/uploads\/2024\/01\/2024-Montreal-summer-festivals-FrancoFolies-Place-des-Festivals-festival-a-Montreal-1024x682.jpg 1024w, \/wp-content\/uploads\/2024\/01\/2024-Montreal-summer-festivals-FrancoFolies-Place-des-Festivals-festival-a-Montreal-300x200.jpg 300w, \/wp-content\/uploads\/2024\/01\/2024-Montreal-summer-festivals-FrancoFolies-Place-des-Festivals-festival-a-Montreal-768x512.jpg 768w, \/wp-content\/uploads\/2024\/01\/2024-Montreal-summer-festivals-FrancoFolies-Place-des-Festivals-festival-a-Montreal-1536x1024.jpg 1536w, \/wp-content\/uploads\/2024\/01\/2024-Montreal-summer-festivals-FrancoFolies-Place-des-Festivals-festival-a-Montreal.jpg 2000w\" sizes=\"(max-width: 1024px) 100vw, 1024px\" \/><figcaption class=\"wp-element-caption\">Cr\u00e9dit photo: Jean-Fran\u00e7ois Hamelin\/Bonjour Qu\u00e9bec<\/figcaption><\/figure>\n\n\n\n<p id=\"h-quand-fin-juin-a-debut-juillet-2026\"><em>Quand: Fin juin \u00e0 d\u00e9but juillet 2026<\/em><\/p>\n\n\n\n<p>Le <a href=\"https:\/\/www.montrealjazzfest.com\/\" target=\"_blank\" rel=\"noreferrer noopener\">Festival international de Jazz de Montr\u00e9al<\/a> se passe de pr\u00e9sentations. Cet \u00e9v\u00e9nement embl\u00e9matique apporte une ambiance <em>jazzy <\/em>\u00e0 la ville avec via des spectacles payants en salle et gratuits en plein air. Les l\u00e9gendes du jazz (mais pas que!) et les talents \u00e9mergents font vibrer le centre-ville de Montr\u00e9al pendant pr\u00e8s de deux semaines, sous le ciel d&#8217;\u00e9t\u00e9 scintillant de la rue Sainte-Catherine, de la Place des Festivals et la Place des Arts.<\/p>\n\n\n\n<p>L&#8217;\u00e9dition 2026 s\u2019annonce historique avec les performances de Lionel Richie, WILLOW et Father John Misty, qui se partageront l\u2019affiche aux c\u00f4t\u00e9s d\u2019ic\u00f4nes comme St. Vincent et Diana Krall. Ne manquez surtout pas le passage du duo Angine de Poitrine, v\u00e9ritable ph\u00e9nom\u00e8ne de l&#8217;heure du \u00ab math-rock dada\u00efste \u00bb, qui promet d\u2019\u00e9lectriser la ville lors de l&#8217;un des concerts les plus attendus de l&#8217;\u00e9t\u00e9 montr\u00e9alais.<\/p>\n\n\n\n<h2 class=\"wp-block-heading\" id=\"h-la-fete-nationale-du-quebec-a-montreal\">La F\u00eate nationale du Qu\u00e9bec \u00e0 Montr\u00e9al<\/h2>\n\n\n\n<p id=\"h-quand-23-et-24-juin-2026\"><em>Quand: 23 et 24 juin 2026<\/em><\/p>\n\n\n\n<p>La <a href=\"https:\/\/fetenationale.quebec\/\" target=\"_blank\" rel=\"noreferrer noopener\">F\u00eate nationale du Qu\u00e9bec<\/a>, le 24 juin, est l&#8217;expression du riche h\u00e9ritage et de la culture qu\u00e9b\u00e9coise. Cette f\u00eate est une occasion id\u00e9ale pour festoyer avec les qu\u00e9b\u00e9coises et qu\u00e9b\u00e9cois, d\u00e9couvrir les coutumes uniques du Qu\u00e9bec et approfondir votre compr\u00e9hension de l&#8217;identit\u00e9 francophone de la province. Avec des d\u00e9fil\u00e9s, des spectacles \u00e0 grand d\u00e9ploiement et autres festivit\u00e9s \u00e0 travers toutes les municipalit\u00e9s du Qu\u00e9bec, c&#8217;est un \u00e9v\u00e9nement \u00e0 ne pas manquer.<\/p>\n\n\n\n<p>Il faut savoir que la capitale nationale, Qu\u00e9bec, et la m\u00e9tropole, Montr\u00e9al, s&#8217;\u00e9changent les dates du grand spectacle de la F\u00eate national d&#8217;une ann\u00e9e \u00e0 l&#8217;autre. En 2026, il sera \u00e0 Qu\u00e9bec; mais Montr\u00e9al sera l&#8217;h\u00f4te du d\u00e9fil\u00e9 de la F\u00eate Nationale et d&#8217;un spectacle au Parc Maisonneuve le 24 juin.<\/p>\n\n\n\n<h2 class=\"wp-block-heading\" id=\"h-montreal-completement-cirque\">Montr\u00e9al Compl\u00e8tement Cirque<\/h2>\n\n\n\n<figure class=\"wp-block-image size-large\"><img loading=\"lazy\" decoding=\"async\" width=\"1024\" height=\"929\" src=\"\/wp-content\/uploads\/2024\/01\/2024-Montreal-summer-festivals-Just-for-Laughs-Juste-pour-Rire-festival-a-Montreal-1024x929.jpg\" alt=\"2024 Montreal summer festivals - Just for Laughs Juste pour Rire - festival \u00e0 Montr\u00e9al\" class=\"wp-image-22685\" srcset=\"\/wp-content\/uploads\/2024\/01\/2024-Montreal-summer-festivals-Just-for-Laughs-Juste-pour-Rire-festival-a-Montreal-1024x929.jpg 1024w, \/wp-content\/uploads\/2024\/01\/2024-Montreal-summer-festivals-Just-for-Laughs-Juste-pour-Rire-festival-a-Montreal-300x272.jpg 300w, \/wp-content\/uploads\/2024\/01\/2024-Montreal-summer-festivals-Just-for-Laughs-Juste-pour-Rire-festival-a-Montreal-768x697.jpg 768w, \/wp-content\/uploads\/2024\/01\/2024-Montreal-summer-festivals-Just-for-Laughs-Juste-pour-Rire-festival-a-Montreal-1536x1394.jpg 1536w, \/wp-content\/uploads\/2024\/01\/2024-Montreal-summer-festivals-Just-for-Laughs-Juste-pour-Rire-festival-a-Montreal.jpg 2000w\" sizes=\"(max-width: 1024px) 100vw, 1024px\" \/><figcaption class=\"wp-element-caption\">Cr\u00e9dit photo: Jean-Fran\u00e7ois Hamelin\/Bonjour Qu\u00e9bec<\/figcaption><\/figure>\n\n\n\n<p id=\"h-quand-juillet-2026\"><em>Quand: Juillet 2026<\/em><\/p>\n\n\n\n<p>Capitale mondiale des arts du cirque, Montr\u00e9al se transforme avec son festival <a href=\"https:\/\/montrealcompletementcirque.com\/fr\/\" target=\"_blank\" rel=\"noreferrer noopener\">Montr\u00e9al Compl\u00e8tement Cirque<\/a>. Il met en sc\u00e8ne des acrobaties \u00e0 couper le souffle et des arts du spectacle, transformant les rues du Quartier Latin en sc\u00e8nes de spectacles impressionnants. C&#8217;est d&#8217;ailleurs l&#8217;un des meilleurs festivals gratuits de Montr\u00e9al, surtout pour les jeunes familles.<\/p>\n\n\n\n<p>D&#8217;une certaine mani\u00e8re, c&#8217;est un hommage \u00e0 l&#8217;h\u00e9ritage particulier de l&#8217;art du cirque de Montr\u00e9al, puisque c&#8217;est ici que Le Cirque du Soleil a \u00e9t\u00e9 fond\u00e9 et continue d&#8217;op\u00e9rer.<\/p>\n\n\n\n<h2 class=\"wp-block-heading\" id=\"h-le-festival-de-films-fantasia\">Le festival de films Fantasia<\/h2>\n\n\n\n<p id=\"h-quand-juillet-2026-0\"><em>Quand: Juillet 2026<\/em><\/p>\n\n\n\n<p>Le temple du cin\u00e9ma de genre! Le <a href=\"https:\/\/fantasiafestival.com\/fr\" target=\"_blank\" rel=\"noreferrer noopener\">Festival Fantasia<\/a> est une odyss\u00e9e cin\u00e9matographique et un joyau parfois m\u00e9connu des festivals d&#8217;\u00e9t\u00e9 de Montr\u00e9al. M\u00e9langeant l&#8217;horreur, la science-fiction, le fantastique et l&#8217;<em>anime<\/em> \u00e0 la japonaise, il offre aux cin\u00e9philes un \u00e9ventail \u00e9clectique. Il met d&#8217;ailleurs en vedette le talent remarquable des nombreux artisans du cin\u00e9ma de Montr\u00e9al, qui est reconnue \u00e0 l&#8217;international pour son expertise en post-production et effets sp\u00e9ciaux.<\/p>\n\n\n\n<h2 class=\"wp-block-heading\" id=\"h-juste-pour-rire\">Juste pour rire<\/h2>\n\n\n\n<p id=\"h-quand-fin-juillet\"><em>Quand: Fin juillet<\/em><\/p>\n\n\n\n<p>Pour rire un bon coup cet \u00e9t\u00e9, direction le festival <a href=\"https:\/\/www.hahaha.com\/fr\" target=\"_blank\" rel=\"noreferrer noopener\">Juste pour rire<\/a>! Proposant une vari\u00e9t\u00e9 de divertissements allant du <em>stand-up<\/em> classique \u00e0 des num\u00e9ros de cirque, ce festival signature de Montr\u00e9al est devenu au fil des ann\u00e9es un passage oblig\u00e9 pour les adeptes de com\u00e9die du monde entier. Certains des noms les plus connus de l&#8217;industrie se sont produits \u00e0 la Place des Arts, du Canada et des \u00c9tats-Unis comme de l&#8217;Europe!<\/p>\n\n\n\n<h2 class=\"wp-block-heading\" id=\"h-quels-sont-les-plus-grands-festivals-de-montreal-certainement-les-concerts-d-osheaga\">Quels sont les plus grands festivals de Montr\u00e9al? Certainement les concerts d&#8217;Osheaga!<\/h2>\n\n\n\n<p id=\"h-quand-debut-aout-2026\"><em>Quand: D\u00e9but ao\u00fbt 2026<\/em><\/p>\n\n\n\n<p><a href=\"https:\/\/osheaga.com\/\" target=\"_blank\" rel=\"noreferrer noopener\">Osheaga<\/a> se veut le joyau de la couronne des festivals d&#8217;\u00e9t\u00e9 de Montr\u00e9al. Particuli\u00e8rement aupr\u00e8s des jeunes adultes! C&#8217;est au mois d&#8217;ao\u00fbt que les festivaliers provenant de partout en Am\u00e9rique du Nord convergent pour vivre, ensemble, une exp\u00e9rience musicale inoubliable. La programmation encha\u00eene les grands noms et les \u00e9toiles montantes issues du circuit ind\u00e9pendant, cr\u00e9ant une symphonie de sons et de styles divers.<\/p>\n\n\n\n<p>Mais ce qui le rend si sp\u00e9cial, c&#8217;est son emplacement dans l&#8217;\u00e9crin de verdure du Parc Jean-Drapeau, avec la silhouette de Montr\u00e9al et le fleuve Saint-Laurent en toile de fond.<\/p>\n\n\n\n<p>Les t\u00eates d&#8217;affiche de 2026: Twenty One Pilots, Lorde et Tate McRae cl\u00f4tureront chacune des trois soir\u00e9es sur les sc\u00e8nes principales, entre les prestations de Arlo Parks, Zara Larsson et Sombr, pour ne nommer que ceux-l\u00e0.<\/p>\n\n\n\n<h2 class=\"wp-block-heading\" id=\"h-fierte-montreal\">Fiert\u00e9 Montr\u00e9al<\/h2>\n\n\n\n<figure class=\"wp-block-gallery has-nested-images columns-default is-cropped wp-block-gallery-2 is-layout-flex wp-block-gallery-is-layout-flex\">\n<figure class=\"wp-block-image size-large\"><img loading=\"lazy\" decoding=\"async\" width=\"1024\" height=\"683\" data-id=\"22700\" src=\"\/wp-content\/uploads\/2024\/01\/Fierte-Montreal-Pride-1024x683.jpg\" alt=\"Fiert\u00e9 Montreal Pride\" class=\"wp-image-22700\" srcset=\"\/wp-content\/uploads\/2024\/01\/Fierte-Montreal-Pride-1024x683.jpg 1024w, \/wp-content\/uploads\/2024\/01\/Fierte-Montreal-Pride-300x200.jpg 300w, \/wp-content\/uploads\/2024\/01\/Fierte-Montreal-Pride-768x512.jpg 768w, \/wp-content\/uploads\/2024\/01\/Fierte-Montreal-Pride-1536x1024.jpg 1536w, \/wp-content\/uploads\/2024\/01\/Fierte-Montreal-Pride.jpg 1620w\" sizes=\"(max-width: 1024px) 100vw, 1024px\" \/><\/figure>\n<\/figure>\n\n\n\n<h6 class=\"wp-block-heading\" id=\"h-quand-mi-aout-2026\">Quand: Mi-ao\u00fbt 2026<\/h6>\n\n\n\n<p><a href=\"https:\/\/fiertemontreal.com\/fr\" target=\"_blank\" rel=\"noreferrer noopener\">Fiert\u00e9 Montr\u00e9al<\/a> est LE rendez-vous de l&#8217;inclusivit\u00e9 et de la diversit\u00e9, et une pierre angulaire de <a href=\"https:\/\/experience.transat.com\/fr\/?s=lgbtq&amp;lang=fr\" target=\"_blank\" rel=\"noreferrer noopener\">l&#8217;identit\u00e9 LGBTQ<\/a> de Montr\u00e9al. Elle pr\u00e9sente chaque mois d&#8217;ao\u00fbt des expositions fort int\u00e9ressantes \u00e0 travers tout le Village Gai de Montr\u00e9al ainsi qu&#8217;un programme communautaire essentiel ax\u00e9 sur les organisations \u00e0 but non lucratif locales. Les festivit\u00e9s d&#8217;une semaine culminent avec l&#8217;embl\u00e9matique d\u00e9fil\u00e9 de la Fiert\u00e9 sur le boulevard Ren\u00e9-L\u00e9vesque, transform\u00e9 en rue pi\u00e9tonne sp\u00e9cialement pour l&#8217;occasion, c\u00e9l\u00e8bre pour ses chars color\u00e9s, sa musique entra\u00eenante et ses artistes de toutes sortes.<\/p>\n\n\n\n<h2 class=\"wp-block-heading\" id=\"h-les-spectacles-de-la-viree-classique-osm\">Les spectacles de la Vir\u00e9e classique OSM<\/h2>\n\n\n\n<p id=\"h-quand-mi-aout-2026\"><em>Quand: Mi-ao\u00fbt 2026<\/em><\/p>\n\n\n\n<p>La <a href=\"https:\/\/www.osm.ca\/fr\/\" target=\"_blank\" rel=\"noreferrer noopener\">Vir\u00e9e classique OSM<\/a> a pour objectif de d\u00e9cloisonner, presque litt\u00e9ralement, la musique classique en s&#8217;offrant en spectacle \u00e0 ciel ouvert. Avec pas moins de 26 concerts, ce festival est une suite de soir\u00e9es symphoniques qui enrichit la programmation des festivals de musique de Montr\u00e9al avec ses harmonies et ses traditions dans certains des sites les plus pittoresques de la ville, y compris le parc du Mont-Royal et l&#8217;esplanade du Stade Olympique.<\/p>\n\n\n\n<p>En mode pique-nique, petite bi\u00e8re locale \u00e0 la main, c&#8217;est r\u00e9ellement une exp\u00e9rience typique de l&#8217;\u00e9t\u00e9 \u00e0 Montr\u00e9al.<\/p>\n\n\n\n<h2 class=\"wp-block-heading\" id=\"h-mutek\">MUTEK<\/h2>\n\n\n\n<figure class=\"wp-block-image size-large\"><img loading=\"lazy\" decoding=\"async\" width=\"1024\" height=\"682\" src=\"\/wp-content\/uploads\/2024\/01\/2024-Montreal-summer-festivals-Piknic-Eletronik-festival-a-Montreal-1024x682.jpg\" alt=\"2024 Montreal summer festivals -Piknic Eletronik - festival \u00e0 Montr\u00e9al\" class=\"wp-image-22689\" srcset=\"\/wp-content\/uploads\/2024\/01\/2024-Montreal-summer-festivals-Piknic-Eletronik-festival-a-Montreal-1024x682.jpg 1024w, \/wp-content\/uploads\/2024\/01\/2024-Montreal-summer-festivals-Piknic-Eletronik-festival-a-Montreal-300x200.jpg 300w, \/wp-content\/uploads\/2024\/01\/2024-Montreal-summer-festivals-Piknic-Eletronik-festival-a-Montreal-768x512.jpg 768w, \/wp-content\/uploads\/2024\/01\/2024-Montreal-summer-festivals-Piknic-Eletronik-festival-a-Montreal-1536x1024.jpg 1536w, \/wp-content\/uploads\/2024\/01\/2024-Montreal-summer-festivals-Piknic-Eletronik-festival-a-Montreal.jpg 2000w\" sizes=\"(max-width: 1024px) 100vw, 1024px\" \/><figcaption class=\"wp-element-caption\">Cr\u00e9dit photo: Christian Savard\/Bonjour Qu\u00e9bec<\/figcaption><\/figure>\n\n\n\n<p id=\"h-quand-fin-aout-2026\"><em>Quand: Fin ao\u00fbt 2026<\/em><\/p>\n\n\n\n<p>\u00c0 l&#8217;intersection de la musique \u00e9lectronique et de la cr\u00e9ativit\u00e9 num\u00e9rique, <a href=\"https:\/\/mutek.org\/fr\" target=\"_blank\" rel=\"noreferrer noopener\">MUTEK<\/a> est le laboratoire du futur. En 2026, le festival explore les fronti\u00e8res de l&#8217;intelligence artificielle et des performances audiovisuelles immersives. C&#8217;est l&#8217;\u00e9v\u00e9nement de pr\u00e9dilection pour les esprits avant-gardistes.<\/p>\n\n\n\n<h2 class=\"wp-block-heading\" id=\"h-piknic-electronik\">Piknic \u00c9lectronik<\/h2>\n\n\n\n<p id=\"h-quand-mai-a-octobre-2026-tous-les-dimanches\"><em>Quand: Mai \u00e0 octobre 2026 (tous les dimanches)<\/em><\/p>\n\n\n\n<p>L&#8217;\u00e9v\u00e9nement qui d\u00e9finit l&#8217;\u00e9t\u00e9 montr\u00e9alais! En 2026, le Piknic continue de rassembler les foules sous la c\u00e9l\u00e8bre sculpture <em>L&#8217;Homme<\/em> de Calder, avec, en trame de fond, le d\u00e9cor \u00e9poustouflant de la silhouette de Montr\u00e9al. Dansez au soleil, un &#8220;seau&#8221; \u00e0 la main, au son des meilleurs DJs mondiaux. C&#8217;est le rituel hebdomadaire qui prouve que Montr\u00e9al sait faire la f\u00eate mieux que quiconque. Il existe m\u00eame un cr\u00e9neau-horaire r\u00e9serv\u00e9 aux familles avec des enfants!<\/p>\n\n\n\n<p>De grands \u00e9v\u00e9nements th\u00e9matiques sont confirm\u00e9s avec Four Tet, Solomun, Eric Prydz et Steve Aoki.<\/p>\n","protected":false},"excerpt":{"rendered":"<p>Des t\u00eates d&#8217;affiche musicales de classe mondiale aux artistes de cirque, la saison \u00e9t\u00e9 des festivals de Montr\u00e9al sera inoubliable.<\/p>\n","protected":false},"author":83,"featured_media":22678,"comment_status":"closed","ping_status":"closed","sticky":false,"template":"","format":"standard","meta":{"_acf_changed":false,"footnotes":""},"categories":[],"tags":[],"destinations":[1975],"travel-themes":[1958],"segments":[],"class_list":["post-22708","post","type-post","status-publish","format-standard","has-post-thumbnail","hentry","destinations-canada","travel-themes-culture"],"acf":[],"yoast_head":"<!-- This site is optimized with the Yoast SEO Premium plugin v22.4 (Yoast SEO v22.6) - https:\/\/yoast.com\/wordpress\/plugins\/seo\/ -->\n<title>\u00c9t\u00e9 2026: les meilleurs festivals de Montr\u00e9al | #ExperienceTransat<\/title>\n<meta name=\"description\" content=\"Des t\u00eates d&#039;affiche musicales de classe mondiale aux artistes de cirque, la saison \u00e9t\u00e9 2026 des festivals de Montr\u00e9al sera inoubliable.\" \/>\n<meta name=\"robots\" content=\"index, follow, max-snippet:-1, max-image-preview:large, max-video-preview:-1\" \/>\n<link rel=\"canonical\" href=\"https:\/\/experience.transat.com\/fr\/festivals-de-montreal-ete\/\" \/>\n<meta property=\"og:locale\" content=\"fr_FR\" \/>\n<meta property=\"og:type\" content=\"article\" \/>\n<meta property=\"og:title\" content=\"Le meilleur de l&#039;\u00e9t\u00e9 2026 \u00e0 Montr\u00e9al gr\u00e2ce \u00e0 ces festivals\" \/>\n<meta property=\"og:description\" content=\"Des t\u00eates d&#039;affiche musicales de classe mondiale aux artistes de cirque, la saison \u00e9t\u00e9 2026 des festivals de Montr\u00e9al sera inoubliable.\" \/>\n<meta property=\"og:url\" content=\"https:\/\/experience.transat.com\/fr\/festivals-de-montreal-ete\/\" \/>\n<meta property=\"og:site_name\" content=\"Experience Transat\" \/>\n<meta property=\"article:published_time\" content=\"2026-01-09T20:25:00+00:00\" \/>\n<meta property=\"article:modified_time\" content=\"2026-04-08T13:57:56+00:00\" \/>\n<meta property=\"og:image\" content=\"https:\/\/experience.transat.com\/wp-content\/uploads\/2024\/01\/2024-Montreal-summer-festivals-festival-a-Montreal-2024-scaled.jpg\" \/>\n\t<meta property=\"og:image:width\" content=\"2560\" \/>\n\t<meta property=\"og:image:height\" content=\"1707\" \/>\n\t<meta property=\"og:image:type\" content=\"image\/jpeg\" \/>\n<meta name=\"author\" content=\"airtransat\" \/>\n<meta name=\"twitter:card\" content=\"summary_large_image\" \/>\n<meta name=\"twitter:label1\" content=\"Written by\" \/>\n\t<meta name=\"twitter:data1\" content=\"airtransat\" \/>\n\t<meta name=\"twitter:label2\" content=\"Est. reading time\" \/>\n\t<meta name=\"twitter:data2\" content=\"9 minutes\" \/>\n<script type=\"application\/ld+json\" class=\"yoast-schema-graph\">{\"@context\":\"https:\/\/schema.org\",\"@graph\":[{\"@type\":\"Article\",\"@id\":\"https:\/\/experience.transat.com\/fr\/festivals-de-montreal-ete\/#article\",\"isPartOf\":{\"@id\":\"https:\/\/experience.transat.com\/fr\/festivals-de-montreal-ete\/\"},\"author\":{\"name\":\"airtransat\",\"@id\":\"https:\/\/experience.transat.com\/#\/schema\/person\/06d2c1fba83f26d055e33acabdeec7db\"},\"headline\":\"Le meilleur de l&#8217;\u00e9t\u00e9 2026 \u00e0 Montr\u00e9al gr\u00e2ce \u00e0 ces festivals\",\"datePublished\":\"2026-01-09T20:25:00+00:00\",\"dateModified\":\"2026-04-08T13:57:56+00:00\",\"mainEntityOfPage\":{\"@id\":\"https:\/\/experience.transat.com\/fr\/festivals-de-montreal-ete\/\"},\"wordCount\":1804,\"publisher\":{\"@id\":\"https:\/\/experience.transat.com\/#organization\"},\"image\":{\"@id\":\"https:\/\/experience.transat.com\/fr\/festivals-de-montreal-ete\/#primaryimage\"},\"thumbnailUrl\":\"\/wp-content\/uploads\/2024\/01\/2024-Montreal-summer-festivals-festival-a-Montreal-2024-scaled.jpg\",\"inLanguage\":\"fr-FR\"},{\"@type\":\"WebPage\",\"@id\":\"https:\/\/experience.transat.com\/fr\/festivals-de-montreal-ete\/\",\"url\":\"https:\/\/experience.transat.com\/fr\/festivals-de-montreal-ete\/\",\"name\":\"\u00c9t\u00e9 2026: les meilleurs festivals de Montr\u00e9al | #ExperienceTransat\",\"isPartOf\":{\"@id\":\"https:\/\/experience.transat.com\/#website\"},\"primaryImageOfPage\":{\"@id\":\"https:\/\/experience.transat.com\/fr\/festivals-de-montreal-ete\/#primaryimage\"},\"image\":{\"@id\":\"https:\/\/experience.transat.com\/fr\/festivals-de-montreal-ete\/#primaryimage\"},\"thumbnailUrl\":\"\/wp-content\/uploads\/2024\/01\/2024-Montreal-summer-festivals-festival-a-Montreal-2024-scaled.jpg\",\"datePublished\":\"2026-01-09T20:25:00+00:00\",\"dateModified\":\"2026-04-08T13:57:56+00:00\",\"description\":\"Des t\u00eates d'affiche musicales de classe mondiale aux artistes de cirque, la saison \u00e9t\u00e9 2026 des festivals de Montr\u00e9al sera inoubliable.\",\"breadcrumb\":{\"@id\":\"https:\/\/experience.transat.com\/fr\/festivals-de-montreal-ete\/#breadcrumb\"},\"inLanguage\":\"fr-FR\",\"potentialAction\":[{\"@type\":\"ReadAction\",\"target\":[\"https:\/\/experience.transat.com\/fr\/festivals-de-montreal-ete\/\"]}]},{\"@type\":\"ImageObject\",\"inLanguage\":\"fr-FR\",\"@id\":\"https:\/\/experience.transat.com\/fr\/festivals-de-montreal-ete\/#primaryimage\",\"url\":\"\/wp-content\/uploads\/2024\/01\/2024-Montreal-summer-festivals-festival-a-Montreal-2024-scaled.jpg\",\"contentUrl\":\"\/wp-content\/uploads\/2024\/01\/2024-Montreal-summer-festivals-festival-a-Montreal-2024-scaled.jpg\",\"width\":2560,\"height\":1707,\"caption\":\"2024 Montreal summer festivals - festival \u00e0 Montr\u00e9al 2024\"},{\"@type\":\"BreadcrumbList\",\"@id\":\"https:\/\/experience.transat.com\/fr\/festivals-de-montreal-ete\/#breadcrumb\",\"itemListElement\":[{\"@type\":\"ListItem\",\"position\":1,\"name\":\"Home\",\"item\":\"https:\/\/experience.transat.com\/fr\/accueil\/\"},{\"@type\":\"ListItem\",\"position\":2,\"name\":\"Le meilleur de l&#8217;\u00e9t\u00e9 2026 \u00e0 Montr\u00e9al gr\u00e2ce \u00e0 ces festivals\"}]},{\"@type\":\"WebSite\",\"@id\":\"https:\/\/experience.transat.com\/#website\",\"url\":\"https:\/\/experience.transat.com\/\",\"name\":\"#ExperienceTransat\",\"description\":\"Welcome to the Experience Transat Blog. Find travel tips from our expert travellers for every Transat destination. Happy Travels!\",\"publisher\":{\"@id\":\"https:\/\/experience.transat.com\/#organization\"},\"potentialAction\":[{\"@type\":\"SearchAction\",\"target\":{\"@type\":\"EntryPoint\",\"urlTemplate\":\"https:\/\/experience.transat.com\/?s={search_term_string}\"},\"query-input\":\"required name=search_term_string\"}],\"inLanguage\":\"fr-FR\"},{\"@type\":\"Organization\",\"@id\":\"https:\/\/experience.transat.com\/#organization\",\"name\":\"#ExperienceTransat\",\"alternateName\":\"Air Transat Travel Blog\",\"url\":\"https:\/\/experience.transat.com\/\",\"logo\":{\"@type\":\"ImageObject\",\"inLanguage\":\"fr-FR\",\"@id\":\"https:\/\/experience.transat.com\/#\/schema\/logo\/image\/\",\"url\":\"\/wp-content\/uploads\/2023\/09\/cropped-Transat-logo.jpg\",\"contentUrl\":\"\/wp-content\/uploads\/2023\/09\/cropped-Transat-logo.jpg\",\"width\":2301,\"height\":657,\"caption\":\"#ExperienceTransat\"},\"image\":{\"@id\":\"https:\/\/experience.transat.com\/#\/schema\/logo\/image\/\"}},{\"@type\":\"Person\",\"@id\":\"https:\/\/experience.transat.com\/#\/schema\/person\/06d2c1fba83f26d055e33acabdeec7db\",\"name\":\"airtransat\",\"image\":{\"@type\":\"ImageObject\",\"inLanguage\":\"fr-FR\",\"@id\":\"https:\/\/experience.transat.com\/#\/schema\/person\/image\/\",\"url\":\"\/wp-content\/uploads\/2023\/09\/377149061_864058988398645_3954419285679208941_n.jpg\",\"contentUrl\":\"\/wp-content\/uploads\/2023\/09\/377149061_864058988398645_3954419285679208941_n.jpg\",\"caption\":\"airtransat\"},\"description\":\"Founded in Montreal 37 years ago, Air Transat is a leading leisure travel brand. Named the World's Best Leisure Airline by passengers at the 2025 Skytrax World Airline Awards, it boasts one of the most modern efficient fleets in its category. With its unique role as a bridge-builder between continents, it encourages travellers to foster openness and discover the wonders, big and small, that surround us.\",\"sameAs\":[\"https:\/\/www.airtransat.com\/\"],\"url\":\"https:\/\/experience.transat.com\/fr\/author\/airtransat\/\"}]}<\/script>\n<!-- \/ Yoast SEO Premium plugin. -->","yoast_head_json":{"title":"\u00c9t\u00e9 2026: les meilleurs festivals de Montr\u00e9al | #ExperienceTransat","description":"Des t\u00eates d'affiche musicales de classe mondiale aux artistes de cirque, la saison \u00e9t\u00e9 2026 des festivals de Montr\u00e9al sera inoubliable.","robots":{"index":"index","follow":"follow","max-snippet":"max-snippet:-1","max-image-preview":"max-image-preview:large","max-video-preview":"max-video-preview:-1"},"canonical":"https:\/\/experience.transat.com\/fr\/festivals-de-montreal-ete\/","og_locale":"fr_FR","og_type":"article","og_title":"Le meilleur de l'\u00e9t\u00e9 2026 \u00e0 Montr\u00e9al gr\u00e2ce \u00e0 ces festivals","og_description":"Des t\u00eates d'affiche musicales de classe mondiale aux artistes de cirque, la saison \u00e9t\u00e9 2026 des festivals de Montr\u00e9al sera inoubliable.","og_url":"https:\/\/experience.transat.com\/fr\/festivals-de-montreal-ete\/","og_site_name":"Experience Transat","article_published_time":"2026-01-09T20:25:00+00:00","article_modified_time":"2026-04-08T13:57:56+00:00","og_image":[{"width":2560,"height":1707,"url":"https:\/\/experience.transat.com\/wp-content\/uploads\/2024\/01\/2024-Montreal-summer-festivals-festival-a-Montreal-2024-scaled.jpg","type":"image\/jpeg"}],"author":"airtransat","twitter_card":"summary_large_image","twitter_misc":{"Written by":"airtransat","Est. reading time":"9 minutes"},"schema":{"@context":"https:\/\/schema.org","@graph":[{"@type":"Article","@id":"https:\/\/experience.transat.com\/fr\/festivals-de-montreal-ete\/#article","isPartOf":{"@id":"https:\/\/experience.transat.com\/fr\/festivals-de-montreal-ete\/"},"author":{"name":"airtransat","@id":"https:\/\/experience.transat.com\/#\/schema\/person\/06d2c1fba83f26d055e33acabdeec7db"},"headline":"Le meilleur de l&#8217;\u00e9t\u00e9 2026 \u00e0 Montr\u00e9al gr\u00e2ce \u00e0 ces festivals","datePublished":"2026-01-09T20:25:00+00:00","dateModified":"2026-04-08T13:57:56+00:00","mainEntityOfPage":{"@id":"https:\/\/experience.transat.com\/fr\/festivals-de-montreal-ete\/"},"wordCount":1804,"publisher":{"@id":"https:\/\/experience.transat.com\/#organization"},"image":{"@id":"https:\/\/experience.transat.com\/fr\/festivals-de-montreal-ete\/#primaryimage"},"thumbnailUrl":"\/wp-content\/uploads\/2024\/01\/2024-Montreal-summer-festivals-festival-a-Montreal-2024-scaled.jpg","inLanguage":"fr-FR"},{"@type":"WebPage","@id":"https:\/\/experience.transat.com\/fr\/festivals-de-montreal-ete\/","url":"https:\/\/experience.transat.com\/fr\/festivals-de-montreal-ete\/","name":"\u00c9t\u00e9 2026: les meilleurs festivals de Montr\u00e9al | #ExperienceTransat","isPartOf":{"@id":"https:\/\/experience.transat.com\/#website"},"primaryImageOfPage":{"@id":"https:\/\/experience.transat.com\/fr\/festivals-de-montreal-ete\/#primaryimage"},"image":{"@id":"https:\/\/experience.transat.com\/fr\/festivals-de-montreal-ete\/#primaryimage"},"thumbnailUrl":"\/wp-content\/uploads\/2024\/01\/2024-Montreal-summer-festivals-festival-a-Montreal-2024-scaled.jpg","datePublished":"2026-01-09T20:25:00+00:00","dateModified":"2026-04-08T13:57:56+00:00","description":"Des t\u00eates d'affiche musicales de classe mondiale aux artistes de cirque, la saison \u00e9t\u00e9 2026 des festivals de Montr\u00e9al sera inoubliable.","breadcrumb":{"@id":"https:\/\/experience.transat.com\/fr\/festivals-de-montreal-ete\/#breadcrumb"},"inLanguage":"fr-FR","potentialAction":[{"@type":"ReadAction","target":["https:\/\/experience.transat.com\/fr\/festivals-de-montreal-ete\/"]}]},{"@type":"ImageObject","inLanguage":"fr-FR","@id":"https:\/\/experience.transat.com\/fr\/festivals-de-montreal-ete\/#primaryimage","url":"\/wp-content\/uploads\/2024\/01\/2024-Montreal-summer-festivals-festival-a-Montreal-2024-scaled.jpg","contentUrl":"\/wp-content\/uploads\/2024\/01\/2024-Montreal-summer-festivals-festival-a-Montreal-2024-scaled.jpg","width":2560,"height":1707,"caption":"2024 Montreal summer festivals - festival \u00e0 Montr\u00e9al 2024"},{"@type":"BreadcrumbList","@id":"https:\/\/experience.transat.com\/fr\/festivals-de-montreal-ete\/#breadcrumb","itemListElement":[{"@type":"ListItem","position":1,"name":"Home","item":"https:\/\/experience.transat.com\/fr\/accueil\/"},{"@type":"ListItem","position":2,"name":"Le meilleur de l&#8217;\u00e9t\u00e9 2026 \u00e0 Montr\u00e9al gr\u00e2ce \u00e0 ces festivals"}]},{"@type":"WebSite","@id":"https:\/\/experience.transat.com\/#website","url":"https:\/\/experience.transat.com\/","name":"#ExperienceTransat","description":"Welcome to the Experience Transat Blog. Find travel tips from our expert travellers for every Transat destination. Happy Travels!","publisher":{"@id":"https:\/\/experience.transat.com\/#organization"},"potentialAction":[{"@type":"SearchAction","target":{"@type":"EntryPoint","urlTemplate":"https:\/\/experience.transat.com\/?s={search_term_string}"},"query-input":"required name=search_term_string"}],"inLanguage":"fr-FR"},{"@type":"Organization","@id":"https:\/\/experience.transat.com\/#organization","name":"#ExperienceTransat","alternateName":"Air Transat Travel Blog","url":"https:\/\/experience.transat.com\/","logo":{"@type":"ImageObject","inLanguage":"fr-FR","@id":"https:\/\/experience.transat.com\/#\/schema\/logo\/image\/","url":"\/wp-content\/uploads\/2023\/09\/cropped-Transat-logo.jpg","contentUrl":"\/wp-content\/uploads\/2023\/09\/cropped-Transat-logo.jpg","width":2301,"height":657,"caption":"#ExperienceTransat"},"image":{"@id":"https:\/\/experience.transat.com\/#\/schema\/logo\/image\/"}},{"@type":"Person","@id":"https:\/\/experience.transat.com\/#\/schema\/person\/06d2c1fba83f26d055e33acabdeec7db","name":"airtransat","image":{"@type":"ImageObject","inLanguage":"fr-FR","@id":"https:\/\/experience.transat.com\/#\/schema\/person\/image\/","url":"\/wp-content\/uploads\/2023\/09\/377149061_864058988398645_3954419285679208941_n.jpg","contentUrl":"\/wp-content\/uploads\/2023\/09\/377149061_864058988398645_3954419285679208941_n.jpg","caption":"airtransat"},"description":"Founded in Montreal 37 years ago, Air Transat is a leading leisure travel brand. Named the World's Best Leisure Airline by passengers at the 2025 Skytrax World Airline Awards, it boasts one of the most modern efficient fleets in its category. With its unique role as a bridge-builder between continents, it encourages travellers to foster openness and discover the wonders, big and small, that surround us.","sameAs":["https:\/\/www.airtransat.com\/"],"url":"https:\/\/experience.transat.com\/fr\/author\/airtransat\/"}]}},"_links":{"self":[{"href":"https:\/\/experience.transat.com\/fr\/wp-json\/wp\/v2\/posts\/22708","targetHints":{"allow":["GET"]}}],"collection":[{"href":"https:\/\/experience.transat.com\/fr\/wp-json\/wp\/v2\/posts"}],"about":[{"href":"https:\/\/experience.transat.com\/fr\/wp-json\/wp\/v2\/types\/post"}],"author":[{"embeddable":true,"href":"https:\/\/experience.transat.com\/fr\/wp-json\/wp\/v2\/users\/83"}],"replies":[{"embeddable":true,"href":"https:\/\/experience.transat.com\/fr\/wp-json\/wp\/v2\/comments?post=22708"}],"version-history":[{"count":5,"href":"https:\/\/experience.transat.com\/fr\/wp-json\/wp\/v2\/posts\/22708\/revisions"}],"predecessor-version":[{"id":39020,"href":"https:\/\/experience.transat.com\/fr\/wp-json\/wp\/v2\/posts\/22708\/revisions\/39020"}],"wp:featuredmedia":[{"embeddable":true,"href":"https:\/\/experience.transat.com\/fr\/wp-json\/wp\/v2\/media\/22678"}],"wp:attachment":[{"href":"https:\/\/experience.transat.com\/fr\/wp-json\/wp\/v2\/media?parent=22708"}],"wp:term":[{"taxonomy":"category","embeddable":true,"href":"https:\/\/experience.transat.com\/fr\/wp-json\/wp\/v2\/categories?post=22708"},{"taxonomy":"post_tag","embeddable":true,"href":"https:\/\/experience.transat.com\/fr\/wp-json\/wp\/v2\/tags?post=22708"},{"taxonomy":"destinations","embeddable":true,"href":"https:\/\/experience.transat.com\/fr\/wp-json\/wp\/v2\/destinations?post=22708"},{"taxonomy":"travel-themes","embeddable":true,"href":"https:\/\/experience.transat.com\/fr\/wp-json\/wp\/v2\/travel-themes?post=22708"},{"taxonomy":"segments","embeddable":true,"href":"https:\/\/experience.transat.com\/fr\/wp-json\/wp\/v2\/segments?post=22708"}],"curies":[{"name":"wp","href":"https:\/\/api.w.org\/{rel}","templated":true}]}}