{"id":35738,"date":"2025-07-14T15:06:32","date_gmt":"2025-07-14T19:06:32","guid":{"rendered":"https:\/\/experience.transat.com\/?p=35738"},"modified":"2025-07-15T10:55:08","modified_gmt":"2025-07-15T14:55:08","slug":"voyage-velo-au-quebec","status":"publish","type":"post","link":"https:\/\/experience.transat.com\/fr\/voyage-velo-au-quebec\/","title":{"rendered":"Le Qu\u00e9bec \u00e0 v\u00e9lo\u00a0: 8 circuits et pistes cyclables incontournables"},"content":{"rendered":"\n<p>Avec sa nature \u00e0 l\u2019\u00e9tat brut, ses paysages entre fleuve et montagnes et ses villes \u00e0 l\u2019ambiance anim\u00e9e, <a href=\"https:\/\/experience.transat.com\/fr\/excursions-de-montreal\/\" target=\"_blank\" rel=\"noreferrer noopener\">le Qu\u00e9bec est un vaste territoire<\/a> qui invite \u00e0 l\u2019immersion et \u00e0 la contemplation. Et rien de tel qu\u2019une sortie \u00e0 v\u00e9lo pour explorer ses belles r\u00e9gions au gr\u00e9 de vos envies! Que vous r\u00eaviez d\u2019une balade en mode contemplatif ou d\u2019une aventure plus sportive, la province regorge de pistes cyclables, de routes de campagne et de sentiers de poussi\u00e8re de pierre parfaitement am\u00e9nag\u00e9s pour votre voyage v\u00e9lo au Qu\u00e9bec.<\/p>\n\n\n\n<p>Dans la cat\u00e9gorie des circuits qui vous offriront des paysages \u00e0 couper le souffle, voici nos meilleures suggestions.<\/p>\n\n\n\n<h5 class=\"wp-block-heading\" id=\"h-comment-voyager-avec-un-velo-ou-prevoir-un-voyage-de-cyclotourisme\">Comment voyager avec un v\u00e9lo ou pr\u00e9voir un voyage de cyclotourisme?<\/h5>\n\n\n\n<p>Vous souhaitez voyager avec votre v\u00e9lo? Assurez-vous de <a href=\"https:\/\/www.airtransat.com\/fr-FR\/info-voyage\/bagages\/ce-que-vous-pouvez-apporter-poids-et-dimensions\" target=\"_blank\" rel=\"noreferrer noopener\">contacter Air Transat<\/a> ou votre agence de voyages \u00e0 l&#8217;avance afin de pr\u00e9voir le transport de votre monture et en conna\u00eetre les sp\u00e9cificit\u00e9s.<\/p>\n\n\n\n<p>Il est \u00e9galement possible de pr\u00e9voir la location de v\u00e9los sur place; de nombreux prestataires proposent ce service et une prise en charge compl\u00e8te pour votre voyage \u00e0 v\u00e9lo au Qu\u00e9bec.<\/p>\n\n\n\n<div class=\"wp-block-buttons is-content-justification-center is-layout-flex wp-container-core-buttons-is-layout-16018d1d wp-block-buttons-is-layout-flex\">\n<div class=\"wp-block-button has-custom-width wp-block-button__width-75 is-style-outline is-style-outline--1\"><a class=\"wp-block-button__link has-white-background-color has-background has-text-align-center has-custom-font-size wp-element-button\" href=\"https:\/\/www.airtransat.com\/fr-FR\/voyage-canada\/quebec\" style=\"border-radius:50px;font-size:22px;font-style:normal;font-weight:700\" target=\"_blank\" rel=\"noreferrer noopener\">\u2708\ufe0f R\u00e9servez vos vols vers la belle province avec la meilleure compagnie a\u00e9rienne loisirs au monde<\/a><\/div>\n<\/div>\n\n\n\n<h2 class=\"wp-block-heading\" id=\"h-les-berges-du-canal-de-lachine-pour-faire-l-experience-des-pistes-cyclables-a-montreal\">Les berges du canal de Lachine pour faire l&#8217;exp\u00e9rience des pistes cyclables \u00e0 Montr\u00e9al<\/h2>\n\n\n<div class=\"wp-block-image\">\n<figure class=\"aligncenter size-full\"><img fetchpriority=\"high\" decoding=\"async\" width=\"1024\" height=\"683\" src=\"\/wp-content\/uploads\/2025\/07\/image.png\" alt=\"Canal Lachine - cycling in Montreal ve\u0301lo - Voyage v\u00e9lo au Qu\u00e9bec -Cre\u0301dit photo Tourisme Montre\u0301al Susan Moss\" class=\"wp-image-35739\" srcset=\"\/wp-content\/uploads\/2025\/07\/image.png 1024w, \/wp-content\/uploads\/2025\/07\/image-300x200.png 300w, \/wp-content\/uploads\/2025\/07\/image-768x512.png 768w\" sizes=\"(max-width: 1024px) 100vw, 1024px\" \/><figcaption class=\"wp-element-caption\">Cre\u0301dit photo: Tourisme Montre\u0301al\/ Susan Moss<\/figcaption><\/figure>\n<\/div>\n\n\n<p>Distance : 15 km<\/p>\n\n\n\n<p>\u00c0 l\u2019image des grandes villes du monde, Montr\u00e9al conjugue culture, histoire et bonnes adresses gourmandes. Pour prendre le pouls de l\u2019ambiance anim\u00e9e du sud-ouest de l\u2019\u00eele, rien de mieux qu\u2019une promenade \u00e0 v\u00e9lo le long des berges du canal de Lachine. Enfourchez un Bixi et c\u2019est parti pour un apr\u00e8s-midi de d\u00e9couvertes sur un magnifique circuit urbain qui s\u2019\u00e9tend du Vieux-Port jusqu\u2019\u00e0 Lachine sur une distance d\u2019environ 15 km!<\/p>\n\n\n\n<p>Le bon plan&nbsp;: pr\u00e9voir un arr\u00eat au <a href=\"https:\/\/www.marchespublics-mtl.com\/fr\/marches\/marche-atwater\" target=\"_blank\" rel=\"noreferrer noopener\">march\u00e9 Atwater<\/a> pour faire le plein de produits gourmands et vous installer dans un espace vert qui borde le canal pour pique-niquer.<\/p>\n\n\n\n<h2 class=\"wp-block-heading\" id=\"h-le-tour-de-l-ile-d-orleans\">Le tour de l\u2019\u00eele d\u2019Orl\u00e9ans<\/h2>\n\n\n\n<figure class=\"wp-block-image alignwide size-large\"><img decoding=\"async\" width=\"1024\" height=\"684\" src=\"\/wp-content\/uploads\/2025\/07\/voyage-velo-au-Quebec-ile-dOrleans-Credit-photo-Bonjour-Quebec_Jean-Francois_Frenette-1024x684.jpg\" alt=\"voyage v\u00e9lo au Qu\u00e9bec - ile d'Orl\u00e9ans - Credit photo Bonjour Quebec_Jean-Francois_Frenette\" class=\"wp-image-35877\" srcset=\"\/wp-content\/uploads\/2025\/07\/voyage-velo-au-Quebec-ile-dOrleans-Credit-photo-Bonjour-Quebec_Jean-Francois_Frenette-1024x684.jpg 1024w, \/wp-content\/uploads\/2025\/07\/voyage-velo-au-Quebec-ile-dOrleans-Credit-photo-Bonjour-Quebec_Jean-Francois_Frenette-300x200.jpg 300w, \/wp-content\/uploads\/2025\/07\/voyage-velo-au-Quebec-ile-dOrleans-Credit-photo-Bonjour-Quebec_Jean-Francois_Frenette-768x513.jpg 768w, \/wp-content\/uploads\/2025\/07\/voyage-velo-au-Quebec-ile-dOrleans-Credit-photo-Bonjour-Quebec_Jean-Francois_Frenette-1536x1025.jpg 1536w, \/wp-content\/uploads\/2025\/07\/voyage-velo-au-Quebec-ile-dOrleans-Credit-photo-Bonjour-Quebec_Jean-Francois_Frenette-2048x1367.jpg 2048w\" sizes=\"(max-width: 1024px) 100vw, 1024px\" \/><figcaption class=\"wp-element-caption\">Cr\u00e9dit photo: Bonjour Qu\u00e9bec\/Jean-Francois Frenette<\/figcaption><\/figure>\n\n\n\n<p>Distance : 70 km<\/p>\n\n\n\n<p>L\u2019\u00eele d\u2019Orl\u00e9ans repr\u00e9sente un passage oblig\u00e9 lors d\u2019un s\u00e9jour au Qu\u00e9bec. Alors que le trafic routier peut \u00eatre assez intense pendant l\u2019\u00e9t\u00e9 et les week-ends, il s\u2019av\u00e8re une bonne id\u00e9e d\u2019explorer ce joyau sur deux roues. Pour faire le tour de l\u2019\u00eele et traverser ses six municipalit\u00e9s, le parcours s\u2019\u00e9tend sur environ 70 km, mais vous pourrez aussi vous limiter \u00e0 un plus petit tron\u00e7on. Dans tous les cas, la route alternera entre le bord du fleuve et les paysages agricoles pour le plus grand plaisir des yeux.<\/p>\n\n\n\n<p>Tout au long de ce tour de l\u2019\u00eele, n\u2019h\u00e9sitez pas \u00e0 multiplier les arr\u00eats dans les bonnes adresses gourmandes, telles que <a href=\"https:\/\/www.cassismonna.com\/fr\/\" target=\"_blank\" rel=\"noreferrer noopener\">la Midinette ou le domaine Cassis Monna et Filles<\/a>, <a href=\"https:\/\/chocolaterieorleans.com\/\" target=\"_blank\" rel=\"noreferrer noopener\">la Chocolaterie de l\u2019\u00eele<\/a> et la cantine <a href=\"https:\/\/www.chezmag.com\/\" target=\"_blank\" rel=\"noreferrer noopener\">Chez Mag<\/a>.<\/p>\n\n\n\n<h2 class=\"wp-block-heading\" id=\"h-la-velo-route-des-bleuets-au-saguenay-lac-saint-jean\">La V\u00e9lo Route des Bleuets au Saguenay-Lac-Saint-Jean<\/h2>\n\n\n\n<figure class=\"wp-block-image size-large\"><img decoding=\"async\" width=\"1024\" height=\"683\" src=\"\/wp-content\/uploads\/2025\/07\/routes-de-velo-au-quebec-cycling-in-quebec-Lac-Saint-Jean-Credit-photo-BonjourQuebec_Our_Wild_Abandon-1024x683.jpg\" alt=\"routes de v\u00e9lo au qu\u00e9bec - cycling in quebec - Lac Saint-Jean- Cr\u00e9dit photo BonjourQuebec_Our_Wild_Abandon\" class=\"wp-image-35872\" srcset=\"\/wp-content\/uploads\/2025\/07\/routes-de-velo-au-quebec-cycling-in-quebec-Lac-Saint-Jean-Credit-photo-BonjourQuebec_Our_Wild_Abandon-1024x683.jpg 1024w, \/wp-content\/uploads\/2025\/07\/routes-de-velo-au-quebec-cycling-in-quebec-Lac-Saint-Jean-Credit-photo-BonjourQuebec_Our_Wild_Abandon-300x200.jpg 300w, \/wp-content\/uploads\/2025\/07\/routes-de-velo-au-quebec-cycling-in-quebec-Lac-Saint-Jean-Credit-photo-BonjourQuebec_Our_Wild_Abandon-768x512.jpg 768w, \/wp-content\/uploads\/2025\/07\/routes-de-velo-au-quebec-cycling-in-quebec-Lac-Saint-Jean-Credit-photo-BonjourQuebec_Our_Wild_Abandon-1536x1024.jpg 1536w, \/wp-content\/uploads\/2025\/07\/routes-de-velo-au-quebec-cycling-in-quebec-Lac-Saint-Jean-Credit-photo-BonjourQuebec_Our_Wild_Abandon-2048x1365.jpg 2048w\" sizes=\"(max-width: 1024px) 100vw, 1024px\" \/><figcaption class=\"wp-element-caption\">Cr\u00e9dit photo: Bonjour Qu\u00e9bec\/Our Wild Abandon<\/figcaption><\/figure>\n\n\n\n<p>Distance : 256 km<\/p>\n\n\n\n<p>Que diriez-vous d\u2019emprunter le circuit le plus embl\u00e9matique du Qu\u00e9bec et de partir \u00e0 la rencontre d\u2019une population chaleureuse lors de vos vacances ? Ce c\u00e9l\u00e8bre parcours cycliste, qui ceinture le fameux lac Saint-Jean, est le terrain de jeu privil\u00e9gi\u00e9 des familles qui se laissent s\u00e9duire par ses paysages \u00e0 couper le souffle, son circuit plat et ses nombreuses occasions de faire de belles rencontres!<\/p>\n\n\n\n<p>Les plus sportifs se donneront le d\u00e9fi de compl\u00e9ter le circuit en une journ\u00e9e seulement. En revanche, les cyclistes en mode contemplatif opteront pour un itin\u00e9raire de plusieurs jours marqu\u00e9 par des arr\u00eats dans les diff\u00e9rentes municipalit\u00e9s qui ponctuent le parcours. Un service de transport des bagages est m\u00eame disponible&nbsp;: <a href=\"https:\/\/veloroutedesbleuets.com\/navette-de-bagages\/\" target=\"_blank\" rel=\"noreferrer noopener\">informez-vous<\/a>.<\/p>\n\n\n\n<h2 class=\"wp-block-heading\" id=\"h-le-circuit-des-eglantiers-dans-le-bas-saint-laurent-l-une-des-plus-belles-pistes-cyclables-pour-un-voyage-velo-au-quebec\">Le circuit des \u00e9glantiers dans le Bas-Saint-Laurent, l&#8217;une des plus belles pistes cyclables pour un voyage v\u00e9lo au Qu\u00e9bec<\/h2>\n\n\n<div class=\"wp-block-image\">\n<figure class=\"aligncenter size-large is-resized\"><img loading=\"lazy\" decoding=\"async\" width=\"768\" height=\"1024\" src=\"\/wp-content\/uploads\/2025\/07\/voyage-velo-au-quebec-cycling-vacations-in-quebec-Bas-Saint-Laurent-Credit-photo-BonjourQuebec_Mathieu_Dupuis-768x1024.jpg\" alt=\"voyage v\u00e9lo au qu\u00e9bec - cycling vacations in quebec - Bas Saint-Laurent - Cr\u00e9dit photo BonjourQuebec_Mathieu_Dupuis\" class=\"wp-image-35881\" style=\"width:624px;height:auto\" srcset=\"\/wp-content\/uploads\/2025\/07\/voyage-velo-au-quebec-cycling-vacations-in-quebec-Bas-Saint-Laurent-Credit-photo-BonjourQuebec_Mathieu_Dupuis-768x1024.jpg 768w, \/wp-content\/uploads\/2025\/07\/voyage-velo-au-quebec-cycling-vacations-in-quebec-Bas-Saint-Laurent-Credit-photo-BonjourQuebec_Mathieu_Dupuis-225x300.jpg 225w, \/wp-content\/uploads\/2025\/07\/voyage-velo-au-quebec-cycling-vacations-in-quebec-Bas-Saint-Laurent-Credit-photo-BonjourQuebec_Mathieu_Dupuis-1152x1536.jpg 1152w, \/wp-content\/uploads\/2025\/07\/voyage-velo-au-quebec-cycling-vacations-in-quebec-Bas-Saint-Laurent-Credit-photo-BonjourQuebec_Mathieu_Dupuis-1536x2048.jpg 1536w, \/wp-content\/uploads\/2025\/07\/voyage-velo-au-quebec-cycling-vacations-in-quebec-Bas-Saint-Laurent-Credit-photo-BonjourQuebec_Mathieu_Dupuis-scaled.jpg 1920w\" sizes=\"(max-width: 768px) 100vw, 768px\" \/><figcaption class=\"wp-element-caption\">Cr\u00e9dit photo: Bonjour Qu\u00e9bec\/Mathieu Dupuis<\/figcaption><\/figure>\n<\/div>\n\n\n<p>Distance : 40 km<\/p>\n\n\n\n<p>Pour p\u00e9daler tout en respirant l\u2019air salin du fleuve, optez pour ce circuit qui part du village de Kamouraska en suivant la route 132 jusqu\u2019\u00e0 Saint-Germain pour bifurquer ensuite vers les terres. Les cabourons sont de petits massifs arrondis, typiques du secteur de Kamouraska, qui dominent le paysage. Ce parcours \u00e0 v\u00e9lo vous am\u00e8nera \u00e0 les contempler de plus pr\u00e8s, tout comme les jolies maisons ancestrales qui bordent les routes.<\/p>\n\n\n\n<p>Une fois que vous aurez atteint le village de Saint-Philippe-de-N\u00e9ri, vous pourrez reprendre la route en direction du fleuve pour terminer votre circuit au quai Miller. Peut-\u00eatre avec une s\u00e9ance de baignade dans le Saint-Laurent, qui sait ?<\/p>\n\n\n\n<h2 class=\"wp-block-heading\" id=\"h-le-circuit-du-patrimoine-dans-les-cantons-de-l-est\">Le circuit du patrimoine dans les Cantons-de-l\u2019Est<\/h2>\n\n\n\n<p>Distance : 42 km<\/p>\n\n\n\n<p>La r\u00e9gion des Cantons-de-l\u2019Est est un v\u00e9ritable paradis pour les cyclistes, autant pour ses circuits sur route que sur la gravelle. Au d\u00e9part de Bedford, cet itin\u00e9raire qui m\u00e9lange justement route et gravelle vous propose d\u2019explorer les attraits patrimoniaux du secteur, tels que la plus ancienne grange polygonale et le plus petit pont couvert du Qu\u00e9bec.<\/p>\n\n\n\n<p>Au passage, vous pourrez planifier des arr\u00eats du type \u00ab bien boire et se r\u00e9galer\u2009\u00bb, notamment au <a href=\"https:\/\/domaineduridge.com\/\" target=\"_blank\" rel=\"noreferrer noopener\">Domaine du Ridge<\/a>, au <a href=\"https:\/\/vignoblelardennais.ca\/\" target=\"_blank\" rel=\"noreferrer noopener\">vignoble de l\u2019Ardennais<\/a> et \u00e0 l\u2019<a href=\"https:\/\/www.espaceoldmill.com\/\" target=\"_blank\" rel=\"noreferrer noopener\">Espace Old Mill<\/a> \u00e0 Stanbridge East, d\u00e9licieuse table champ\u00eatre r\u00e9cemment r\u00e9compens\u00e9e d\u2019une \u00e9toile verte par le Guide Michelin.<\/p>\n\n\n\n<h2 class=\"wp-block-heading\" id=\"h-le-corridor-du-littoral-et-le-parcours-des-anses-a-quebec\">Le corridor du Littoral et le parcours des Anses \u00e0 Qu\u00e9bec<\/h2>\n\n\n\n<figure class=\"wp-block-image alignwide size-large\"><img loading=\"lazy\" decoding=\"async\" width=\"1024\" height=\"497\" src=\"\/wp-content\/uploads\/2025\/07\/voyage-velo-au-quebec-cycling-vacations-in-quebec-corridor-du-Littoral-Quebec-Credit-photo-BonjourQuebec_Jean-Francois_Frenette-1024x497.jpg\" alt=\"voyage v\u00e9lo au qu\u00e9bec - cycling vacations in quebec - corridor du Littoral Qu\u00e9bec - Cr\u00e9dit photo BonjourQuebec_Jean-Francois_Frenette\" class=\"wp-image-35874\" srcset=\"\/wp-content\/uploads\/2025\/07\/voyage-velo-au-quebec-cycling-vacations-in-quebec-corridor-du-Littoral-Quebec-Credit-photo-BonjourQuebec_Jean-Francois_Frenette-1024x497.jpg 1024w, \/wp-content\/uploads\/2025\/07\/voyage-velo-au-quebec-cycling-vacations-in-quebec-corridor-du-Littoral-Quebec-Credit-photo-BonjourQuebec_Jean-Francois_Frenette-300x145.jpg 300w, \/wp-content\/uploads\/2025\/07\/voyage-velo-au-quebec-cycling-vacations-in-quebec-corridor-du-Littoral-Quebec-Credit-photo-BonjourQuebec_Jean-Francois_Frenette-768x372.jpg 768w, \/wp-content\/uploads\/2025\/07\/voyage-velo-au-quebec-cycling-vacations-in-quebec-corridor-du-Littoral-Quebec-Credit-photo-BonjourQuebec_Jean-Francois_Frenette-1536x745.jpg 1536w, \/wp-content\/uploads\/2025\/07\/voyage-velo-au-quebec-cycling-vacations-in-quebec-corridor-du-Littoral-Quebec-Credit-photo-BonjourQuebec_Jean-Francois_Frenette-2048x993.jpg 2048w\" sizes=\"(max-width: 1024px) 100vw, 1024px\" \/><figcaption class=\"wp-element-caption\">Cr\u00e9dit photo: Bonjour Qu\u00e9bec\/Jean-Francois Frenette<\/figcaption><\/figure>\n\n\n\n<p>Distance : 28 km<\/p>\n\n\n\n<p>Vous \u00eates \u00e0 la recherche d\u2019une fa\u00e7on originale d\u2019explorer les plus beaux attraits de la Capitale-Nationale ? Adapt\u00e9e pour les familles, cette boucle de 28 km, qui suit une portion de la Route Verte avant de traverser du c\u00f4t\u00e9 de la Rive-Sud, vous invite \u00e0 p\u00e9daler au rythme du fleuve, tout en vous en mettant plein la vue.<\/p>\n\n\n\n<p>Tout d\u2019abord, empruntez le corridor du Littoral qui longe le Vieux-Port et le Petit-Champlain en direction du pont de Qu\u00e9bec. Apr\u00e8s la travers\u00e9e vers L\u00e9vis, le parcours des Anses vous r\u00e9v\u00e8le quant \u00e0 lui de magnifiques points de vue sur les fortifications, le ch\u00e2teau Frontenac et m\u00eame l\u2019\u00eele d\u2019Orl\u00e9ans au loin. Et puis, la balade se termine par un petit tour de <a href=\"https:\/\/www.traversiers.com\/fr\/nos-traverses\/traverse-quebec-levis\/horaire\" target=\"_blank\" rel=\"noreferrer noopener\">navette fluviale<\/a> pour revenir \u00e0 votre point de d\u00e9part et poursuivre vos d\u00e9couvertes.<\/p>\n\n\n\n<h2 class=\"wp-block-heading\" id=\"h-le-parc-lineaire-du-p-tit-train-du-nord-dans-les-laurentides-ideal-pour-un-voyage-velo-au-quebec\">Le parc lin\u00e9aire du P\u2019tit Train du Nord dans les Laurentides \u2014 id\u00e9al pour un voyage v\u00e9lo au Qu\u00e9bec<\/h2>\n\n\n\n<p>Distance : 234 km<\/p>\n\n\n\n<p>Ce circuit am\u00e9nag\u00e9 sur le trac\u00e9 d&#8217;une ancienne voie ferr\u00e9e se d\u00e9ploie entre Saint-J\u00e9r\u00f4me et Mont-Laurier sur une distance de 234 km. Rassurez-vous toutefois, vous n\u2019aurez pas \u00e0 parcourir l\u2019ensemble de l\u2019itin\u00e9raire pour jouir de vues imprenables sur les cours d\u2019eau, les villages et les montagnes des Laurentides.<\/p>\n\n\n\n<p>Vous pourrez p\u00e9daler \u00e0 votre rythme et vous arr\u00eater pour admirer les paysages tout en profitant de belles d\u00e9couvertes gourmandes, notamment des d\u00e9licieux croissants de la boulangerie <a href=\"https:\/\/www.mercilavie.co\/\" target=\"_blank\" rel=\"noreferrer noopener\">Merci La Vie<\/a> et des bi\u00e8res artisanales de la <a href=\"https:\/\/brasserieayawan.com\/\" target=\"_blank\" rel=\"noreferrer noopener\">brasserie Ayawan<\/a>. Pour revenir \u00e0 votre point de d\u00e9part, vous pourrez rebrousser chemin ou r\u00e9server <a href=\"https:\/\/www.autobuslepetittraindunord.com\/\" target=\"_blank\" rel=\"noreferrer noopener\">le service de navette<\/a>.<\/p>\n\n\n\n<h2 class=\"wp-block-heading\" id=\"h-le-cyclotourisme-dans-le-parc-national-de-la-mauricie\">Le cyclotourisme dans le parc national de la Mauricie<\/h2>\n\n\n\n<figure class=\"wp-block-image alignwide size-large\"><img loading=\"lazy\" decoding=\"async\" width=\"1024\" height=\"575\" src=\"\/wp-content\/uploads\/2025\/07\/plus-belles-pistes-cyclables-du-quebec-cycling-paths-quebec-Mauricie-Credit-photo-BonjourQuebec_Mathieu_Dupuis-1024x575.jpg\" alt=\"plus belles pistes cyclables du qu\u00e9bec - cycling paths quebec -Mauricie - Cr\u00e9dit photo BonjourQuebec_Mathieu_Dupuis\" class=\"wp-image-35879\" srcset=\"\/wp-content\/uploads\/2025\/07\/plus-belles-pistes-cyclables-du-quebec-cycling-paths-quebec-Mauricie-Credit-photo-BonjourQuebec_Mathieu_Dupuis-1024x575.jpg 1024w, \/wp-content\/uploads\/2025\/07\/plus-belles-pistes-cyclables-du-quebec-cycling-paths-quebec-Mauricie-Credit-photo-BonjourQuebec_Mathieu_Dupuis-300x169.jpg 300w, \/wp-content\/uploads\/2025\/07\/plus-belles-pistes-cyclables-du-quebec-cycling-paths-quebec-Mauricie-Credit-photo-BonjourQuebec_Mathieu_Dupuis-768x432.jpg 768w, \/wp-content\/uploads\/2025\/07\/plus-belles-pistes-cyclables-du-quebec-cycling-paths-quebec-Mauricie-Credit-photo-BonjourQuebec_Mathieu_Dupuis-1536x863.jpg 1536w, \/wp-content\/uploads\/2025\/07\/plus-belles-pistes-cyclables-du-quebec-cycling-paths-quebec-Mauricie-Credit-photo-BonjourQuebec_Mathieu_Dupuis-2048x1151.jpg 2048w, \/wp-content\/uploads\/2025\/07\/plus-belles-pistes-cyclables-du-quebec-cycling-paths-quebec-Mauricie-Credit-photo-BonjourQuebec_Mathieu_Dupuis-180x100.jpg 180w\" sizes=\"(max-width: 1024px) 100vw, 1024px\" \/><figcaption class=\"wp-element-caption\">Cr\u00e9dit photo: Bonjour Qu\u00e9bec\/Mathieu Dupuis<\/figcaption><\/figure>\n\n\n\n<p>Distance : 112 km<\/p>\n\n\n\n<p>R\u00e9serv\u00e9e aux cyclistes aguerris, cette boucle qui traverse l\u2019un des plus beaux parcs du Qu\u00e9bec est synonyme d\u2019\u00e9motions fortes. Enti\u00e8rement asphalt\u00e9, le parcours est ponctu\u00e9 de mont\u00e9es et de descentes ainsi que de virages serr\u00e9s, alors que des paysages d\u2019une beaut\u00e9 \u00e9poustouflante vous r\u00e9compenseront pour vos efforts.<\/p>\n\n\n\n<p>Vous pourrez donner le coup d\u2019envoi \u00e0 ce d\u00e9fi sportif dans le secteur Saint-Jean-des-Piles pour finir par le secteur Saint-Mathieu-du-Parc. De l\u00e0, il vous suffira de revenir \u00e0 votre point de d\u00e9part en sortant de l\u2019enceinte du parc et en empruntant la Route Verte. Pour conclure cette aventure \u00e0 v\u00e9lo, vous pourrez trinquer \u00e0 la terrasse du <a href=\"https:\/\/www.le2800duparc.ca\/\" target=\"_blank\" rel=\"noreferrer noopener\">2800 du Parc<\/a>, le long de la rivi\u00e8re Saint-Maurice.<\/p>\n\n\n\n<p class=\"has-small-font-size\">Cr\u00e9dit photo de couverture: Bonjour Qu\u00e9bec \/ Jeanne Rondeau-Ducharme<\/p>\n","protected":false},"excerpt":{"rendered":"<p>Pour un voyage v\u00e9lo au Qu\u00e9bec, cap sur des circuits o\u00f9 nature brute, fleuve et montagnes riment avec libert\u00e9 et \u00e9merveillement.<\/p>\n","protected":false},"author":171,"featured_media":35867,"comment_status":"closed","ping_status":"closed","sticky":false,"template":"","format":"standard","meta":{"_acf_changed":false,"footnotes":""},"categories":[],"tags":[],"destinations":[2198],"travel-themes":[2152],"segments":[],"class_list":["post-35738","post","type-post","status-publish","format-standard","has-post-thumbnail","hentry","destinations-quebec","travel-themes-aventure"],"acf":[],"yoast_head":"<!-- This site is optimized with the Yoast SEO Premium plugin v22.4 (Yoast SEO v22.6) - https:\/\/yoast.com\/wordpress\/plugins\/seo\/ -->\n<title>Voyage V\u00e9lo au Qu\u00e9bec: le guide Air Transat | #ExperienceTransat<\/title>\n<meta name=\"description\" content=\"Pour un voyage v\u00e9lo au Qu\u00e9bec, cap sur des circuits o\u00f9 nature brute, fleuve et montagnes riment avec libert\u00e9 et \u00e9merveillement.\" \/>\n<meta name=\"robots\" content=\"index, follow, max-snippet:-1, max-image-preview:large, max-video-preview:-1\" \/>\n<link rel=\"canonical\" href=\"https:\/\/experience.transat.com\/fr\/voyage-velo-au-quebec\/\" \/>\n<meta property=\"og:locale\" content=\"fr_FR\" \/>\n<meta property=\"og:type\" content=\"article\" \/>\n<meta property=\"og:title\" content=\"Le Qu\u00e9bec \u00e0 v\u00e9lo\u00a0: 8 circuits et pistes cyclables incontournables\" \/>\n<meta property=\"og:description\" content=\"Pour un voyage v\u00e9lo au Qu\u00e9bec, cap sur des circuits o\u00f9 nature brute, fleuve et montagnes riment avec libert\u00e9 et \u00e9merveillement.\" \/>\n<meta property=\"og:url\" content=\"https:\/\/experience.transat.com\/fr\/voyage-velo-au-quebec\/\" \/>\n<meta property=\"og:site_name\" content=\"Experience Transat\" \/>\n<meta property=\"article:published_time\" content=\"2025-07-14T19:06:32+00:00\" \/>\n<meta property=\"article:modified_time\" content=\"2025-07-15T14:55:08+00:00\" \/>\n<meta property=\"og:image\" content=\"https:\/\/experience.transat.com\/wp-content\/uploads\/2025\/07\/voyage-velo-au-quebec-cycling-vacations-in-quebec-Credit-photo-BonjourQuebec_Jeanne_Rondeau-Ducharme.jpg\" \/>\n\t<meta property=\"og:image:width\" content=\"2500\" \/>\n\t<meta property=\"og:image:height\" content=\"1250\" \/>\n\t<meta property=\"og:image:type\" content=\"image\/jpeg\" \/>\n<meta name=\"author\" content=\"Erika Tremblay\" \/>\n<meta name=\"twitter:card\" content=\"summary_large_image\" \/>\n<meta name=\"twitter:label1\" content=\"Written by\" \/>\n\t<meta name=\"twitter:data1\" content=\"Erika Tremblay\" \/>\n\t<meta name=\"twitter:label2\" content=\"Est. reading time\" \/>\n\t<meta name=\"twitter:data2\" content=\"7 minutes\" \/>\n<script type=\"application\/ld+json\" class=\"yoast-schema-graph\">{\"@context\":\"https:\/\/schema.org\",\"@graph\":[{\"@type\":\"Article\",\"@id\":\"https:\/\/experience.transat.com\/fr\/voyage-velo-au-quebec\/#article\",\"isPartOf\":{\"@id\":\"https:\/\/experience.transat.com\/fr\/voyage-velo-au-quebec\/\"},\"author\":{\"name\":\"Erika Tremblay\",\"@id\":\"https:\/\/experience.transat.com\/#\/schema\/person\/5c592022db9629c235fc43ac7072c70e\"},\"headline\":\"Le Qu\u00e9bec \u00e0 v\u00e9lo\u00a0: 8 circuits et pistes cyclables incontournables\",\"datePublished\":\"2025-07-14T19:06:32+00:00\",\"dateModified\":\"2025-07-15T14:55:08+00:00\",\"mainEntityOfPage\":{\"@id\":\"https:\/\/experience.transat.com\/fr\/voyage-velo-au-quebec\/\"},\"wordCount\":1404,\"publisher\":{\"@id\":\"https:\/\/experience.transat.com\/#organization\"},\"image\":{\"@id\":\"https:\/\/experience.transat.com\/fr\/voyage-velo-au-quebec\/#primaryimage\"},\"thumbnailUrl\":\"\/wp-content\/uploads\/2025\/07\/voyage-velo-au-quebec-cycling-vacations-in-quebec-Credit-photo-BonjourQuebec_Jeanne_Rondeau-Ducharme.jpg\",\"inLanguage\":\"fr-FR\"},{\"@type\":\"WebPage\",\"@id\":\"https:\/\/experience.transat.com\/fr\/voyage-velo-au-quebec\/\",\"url\":\"https:\/\/experience.transat.com\/fr\/voyage-velo-au-quebec\/\",\"name\":\"Voyage V\u00e9lo au Qu\u00e9bec: le guide Air Transat | #ExperienceTransat\",\"isPartOf\":{\"@id\":\"https:\/\/experience.transat.com\/#website\"},\"primaryImageOfPage\":{\"@id\":\"https:\/\/experience.transat.com\/fr\/voyage-velo-au-quebec\/#primaryimage\"},\"image\":{\"@id\":\"https:\/\/experience.transat.com\/fr\/voyage-velo-au-quebec\/#primaryimage\"},\"thumbnailUrl\":\"\/wp-content\/uploads\/2025\/07\/voyage-velo-au-quebec-cycling-vacations-in-quebec-Credit-photo-BonjourQuebec_Jeanne_Rondeau-Ducharme.jpg\",\"datePublished\":\"2025-07-14T19:06:32+00:00\",\"dateModified\":\"2025-07-15T14:55:08+00:00\",\"description\":\"Pour un voyage v\u00e9lo au Qu\u00e9bec, cap sur des circuits o\u00f9 nature brute, fleuve et montagnes riment avec libert\u00e9 et \u00e9merveillement.\",\"breadcrumb\":{\"@id\":\"https:\/\/experience.transat.com\/fr\/voyage-velo-au-quebec\/#breadcrumb\"},\"inLanguage\":\"fr-FR\",\"potentialAction\":[{\"@type\":\"ReadAction\",\"target\":[\"https:\/\/experience.transat.com\/fr\/voyage-velo-au-quebec\/\"]}]},{\"@type\":\"ImageObject\",\"inLanguage\":\"fr-FR\",\"@id\":\"https:\/\/experience.transat.com\/fr\/voyage-velo-au-quebec\/#primaryimage\",\"url\":\"\/wp-content\/uploads\/2025\/07\/voyage-velo-au-quebec-cycling-vacations-in-quebec-Credit-photo-BonjourQuebec_Jeanne_Rondeau-Ducharme.jpg\",\"contentUrl\":\"\/wp-content\/uploads\/2025\/07\/voyage-velo-au-quebec-cycling-vacations-in-quebec-Credit-photo-BonjourQuebec_Jeanne_Rondeau-Ducharme.jpg\",\"width\":2500,\"height\":1250,\"caption\":\"voyage v\u00e9lo au qu\u00e9bec - cycling vacations in quebec - Cr\u00e9dit photo BonjourQuebec_Jeanne_Rondeau-Ducharme\"},{\"@type\":\"BreadcrumbList\",\"@id\":\"https:\/\/experience.transat.com\/fr\/voyage-velo-au-quebec\/#breadcrumb\",\"itemListElement\":[{\"@type\":\"ListItem\",\"position\":1,\"name\":\"Home\",\"item\":\"https:\/\/experience.transat.com\/fr\/accueil\/\"},{\"@type\":\"ListItem\",\"position\":2,\"name\":\"Le Qu\u00e9bec \u00e0 v\u00e9lo\u00a0: 8 circuits et pistes cyclables incontournables\"}]},{\"@type\":\"WebSite\",\"@id\":\"https:\/\/experience.transat.com\/#website\",\"url\":\"https:\/\/experience.transat.com\/\",\"name\":\"#ExperienceTransat\",\"description\":\"Welcome to the Experience Transat Blog. Find travel tips from our expert travellers for every Transat destination. Happy Travels!\",\"publisher\":{\"@id\":\"https:\/\/experience.transat.com\/#organization\"},\"potentialAction\":[{\"@type\":\"SearchAction\",\"target\":{\"@type\":\"EntryPoint\",\"urlTemplate\":\"https:\/\/experience.transat.com\/?s={search_term_string}\"},\"query-input\":\"required name=search_term_string\"}],\"inLanguage\":\"fr-FR\"},{\"@type\":\"Organization\",\"@id\":\"https:\/\/experience.transat.com\/#organization\",\"name\":\"#ExperienceTransat\",\"alternateName\":\"Air Transat Travel Blog\",\"url\":\"https:\/\/experience.transat.com\/\",\"logo\":{\"@type\":\"ImageObject\",\"inLanguage\":\"fr-FR\",\"@id\":\"https:\/\/experience.transat.com\/#\/schema\/logo\/image\/\",\"url\":\"\/wp-content\/uploads\/2023\/09\/cropped-Transat-logo.jpg\",\"contentUrl\":\"\/wp-content\/uploads\/2023\/09\/cropped-Transat-logo.jpg\",\"width\":2301,\"height\":657,\"caption\":\"#ExperienceTransat\"},\"image\":{\"@id\":\"https:\/\/experience.transat.com\/#\/schema\/logo\/image\/\"}},{\"@type\":\"Person\",\"@id\":\"https:\/\/experience.transat.com\/#\/schema\/person\/5c592022db9629c235fc43ac7072c70e\",\"name\":\"Erika Tremblay\",\"image\":{\"@type\":\"ImageObject\",\"inLanguage\":\"fr-FR\",\"@id\":\"https:\/\/experience.transat.com\/#\/schema\/person\/image\/\",\"url\":\"\/wp-content\/uploads\/2023\/08\/Erika-Tremblay-scaled-e1690914695298.jpeg\",\"contentUrl\":\"\/wp-content\/uploads\/2023\/08\/Erika-Tremblay-scaled-e1690914695298.jpeg\",\"caption\":\"Erika Tremblay\"},\"description\":\"Having worked as a freelance writer for several years now, Erika uses the freedom her job gives her to travel whenever the opportunity arises. She is especially fond of the Old Continent, where she frequently drops her bags to visit her favorite cities or explore new ones. Her favorite activity? Seeking out cute cafes and friendly wine bars to hide out and write while watching the comings and goings of passersby.\",\"url\":\"https:\/\/experience.transat.com\/fr\/author\/erika-tremblay\/\"}]}<\/script>\n<!-- \/ Yoast SEO Premium plugin. -->","yoast_head_json":{"title":"Voyage V\u00e9lo au Qu\u00e9bec: le guide Air Transat | #ExperienceTransat","description":"Pour un voyage v\u00e9lo au Qu\u00e9bec, cap sur des circuits o\u00f9 nature brute, fleuve et montagnes riment avec libert\u00e9 et \u00e9merveillement.","robots":{"index":"index","follow":"follow","max-snippet":"max-snippet:-1","max-image-preview":"max-image-preview:large","max-video-preview":"max-video-preview:-1"},"canonical":"https:\/\/experience.transat.com\/fr\/voyage-velo-au-quebec\/","og_locale":"fr_FR","og_type":"article","og_title":"Le Qu\u00e9bec \u00e0 v\u00e9lo\u00a0: 8 circuits et pistes cyclables incontournables","og_description":"Pour un voyage v\u00e9lo au Qu\u00e9bec, cap sur des circuits o\u00f9 nature brute, fleuve et montagnes riment avec libert\u00e9 et \u00e9merveillement.","og_url":"https:\/\/experience.transat.com\/fr\/voyage-velo-au-quebec\/","og_site_name":"Experience Transat","article_published_time":"2025-07-14T19:06:32+00:00","article_modified_time":"2025-07-15T14:55:08+00:00","og_image":[{"width":2500,"height":1250,"url":"https:\/\/experience.transat.com\/wp-content\/uploads\/2025\/07\/voyage-velo-au-quebec-cycling-vacations-in-quebec-Credit-photo-BonjourQuebec_Jeanne_Rondeau-Ducharme.jpg","type":"image\/jpeg"}],"author":"Erika Tremblay","twitter_card":"summary_large_image","twitter_misc":{"Written by":"Erika Tremblay","Est. reading time":"7 minutes"},"schema":{"@context":"https:\/\/schema.org","@graph":[{"@type":"Article","@id":"https:\/\/experience.transat.com\/fr\/voyage-velo-au-quebec\/#article","isPartOf":{"@id":"https:\/\/experience.transat.com\/fr\/voyage-velo-au-quebec\/"},"author":{"name":"Erika Tremblay","@id":"https:\/\/experience.transat.com\/#\/schema\/person\/5c592022db9629c235fc43ac7072c70e"},"headline":"Le Qu\u00e9bec \u00e0 v\u00e9lo\u00a0: 8 circuits et pistes cyclables incontournables","datePublished":"2025-07-14T19:06:32+00:00","dateModified":"2025-07-15T14:55:08+00:00","mainEntityOfPage":{"@id":"https:\/\/experience.transat.com\/fr\/voyage-velo-au-quebec\/"},"wordCount":1404,"publisher":{"@id":"https:\/\/experience.transat.com\/#organization"},"image":{"@id":"https:\/\/experience.transat.com\/fr\/voyage-velo-au-quebec\/#primaryimage"},"thumbnailUrl":"\/wp-content\/uploads\/2025\/07\/voyage-velo-au-quebec-cycling-vacations-in-quebec-Credit-photo-BonjourQuebec_Jeanne_Rondeau-Ducharme.jpg","inLanguage":"fr-FR"},{"@type":"WebPage","@id":"https:\/\/experience.transat.com\/fr\/voyage-velo-au-quebec\/","url":"https:\/\/experience.transat.com\/fr\/voyage-velo-au-quebec\/","name":"Voyage V\u00e9lo au Qu\u00e9bec: le guide Air Transat | #ExperienceTransat","isPartOf":{"@id":"https:\/\/experience.transat.com\/#website"},"primaryImageOfPage":{"@id":"https:\/\/experience.transat.com\/fr\/voyage-velo-au-quebec\/#primaryimage"},"image":{"@id":"https:\/\/experience.transat.com\/fr\/voyage-velo-au-quebec\/#primaryimage"},"thumbnailUrl":"\/wp-content\/uploads\/2025\/07\/voyage-velo-au-quebec-cycling-vacations-in-quebec-Credit-photo-BonjourQuebec_Jeanne_Rondeau-Ducharme.jpg","datePublished":"2025-07-14T19:06:32+00:00","dateModified":"2025-07-15T14:55:08+00:00","description":"Pour un voyage v\u00e9lo au Qu\u00e9bec, cap sur des circuits o\u00f9 nature brute, fleuve et montagnes riment avec libert\u00e9 et \u00e9merveillement.","breadcrumb":{"@id":"https:\/\/experience.transat.com\/fr\/voyage-velo-au-quebec\/#breadcrumb"},"inLanguage":"fr-FR","potentialAction":[{"@type":"ReadAction","target":["https:\/\/experience.transat.com\/fr\/voyage-velo-au-quebec\/"]}]},{"@type":"ImageObject","inLanguage":"fr-FR","@id":"https:\/\/experience.transat.com\/fr\/voyage-velo-au-quebec\/#primaryimage","url":"\/wp-content\/uploads\/2025\/07\/voyage-velo-au-quebec-cycling-vacations-in-quebec-Credit-photo-BonjourQuebec_Jeanne_Rondeau-Ducharme.jpg","contentUrl":"\/wp-content\/uploads\/2025\/07\/voyage-velo-au-quebec-cycling-vacations-in-quebec-Credit-photo-BonjourQuebec_Jeanne_Rondeau-Ducharme.jpg","width":2500,"height":1250,"caption":"voyage v\u00e9lo au qu\u00e9bec - cycling vacations in quebec - Cr\u00e9dit photo BonjourQuebec_Jeanne_Rondeau-Ducharme"},{"@type":"BreadcrumbList","@id":"https:\/\/experience.transat.com\/fr\/voyage-velo-au-quebec\/#breadcrumb","itemListElement":[{"@type":"ListItem","position":1,"name":"Home","item":"https:\/\/experience.transat.com\/fr\/accueil\/"},{"@type":"ListItem","position":2,"name":"Le Qu\u00e9bec \u00e0 v\u00e9lo\u00a0: 8 circuits et pistes cyclables incontournables"}]},{"@type":"WebSite","@id":"https:\/\/experience.transat.com\/#website","url":"https:\/\/experience.transat.com\/","name":"#ExperienceTransat","description":"Welcome to the Experience Transat Blog. Find travel tips from our expert travellers for every Transat destination. Happy Travels!","publisher":{"@id":"https:\/\/experience.transat.com\/#organization"},"potentialAction":[{"@type":"SearchAction","target":{"@type":"EntryPoint","urlTemplate":"https:\/\/experience.transat.com\/?s={search_term_string}"},"query-input":"required name=search_term_string"}],"inLanguage":"fr-FR"},{"@type":"Organization","@id":"https:\/\/experience.transat.com\/#organization","name":"#ExperienceTransat","alternateName":"Air Transat Travel Blog","url":"https:\/\/experience.transat.com\/","logo":{"@type":"ImageObject","inLanguage":"fr-FR","@id":"https:\/\/experience.transat.com\/#\/schema\/logo\/image\/","url":"\/wp-content\/uploads\/2023\/09\/cropped-Transat-logo.jpg","contentUrl":"\/wp-content\/uploads\/2023\/09\/cropped-Transat-logo.jpg","width":2301,"height":657,"caption":"#ExperienceTransat"},"image":{"@id":"https:\/\/experience.transat.com\/#\/schema\/logo\/image\/"}},{"@type":"Person","@id":"https:\/\/experience.transat.com\/#\/schema\/person\/5c592022db9629c235fc43ac7072c70e","name":"Erika Tremblay","image":{"@type":"ImageObject","inLanguage":"fr-FR","@id":"https:\/\/experience.transat.com\/#\/schema\/person\/image\/","url":"\/wp-content\/uploads\/2023\/08\/Erika-Tremblay-scaled-e1690914695298.jpeg","contentUrl":"\/wp-content\/uploads\/2023\/08\/Erika-Tremblay-scaled-e1690914695298.jpeg","caption":"Erika Tremblay"},"description":"Having worked as a freelance writer for several years now, Erika uses the freedom her job gives her to travel whenever the opportunity arises. She is especially fond of the Old Continent, where she frequently drops her bags to visit her favorite cities or explore new ones. Her favorite activity? Seeking out cute cafes and friendly wine bars to hide out and write while watching the comings and goings of passersby.","url":"https:\/\/experience.transat.com\/fr\/author\/erika-tremblay\/"}]}},"_links":{"self":[{"href":"https:\/\/experience.transat.com\/fr\/wp-json\/wp\/v2\/posts\/35738","targetHints":{"allow":["GET"]}}],"collection":[{"href":"https:\/\/experience.transat.com\/fr\/wp-json\/wp\/v2\/posts"}],"about":[{"href":"https:\/\/experience.transat.com\/fr\/wp-json\/wp\/v2\/types\/post"}],"author":[{"embeddable":true,"href":"https:\/\/experience.transat.com\/fr\/wp-json\/wp\/v2\/users\/171"}],"replies":[{"embeddable":true,"href":"https:\/\/experience.transat.com\/fr\/wp-json\/wp\/v2\/comments?post=35738"}],"version-history":[{"count":8,"href":"https:\/\/experience.transat.com\/fr\/wp-json\/wp\/v2\/posts\/35738\/revisions"}],"predecessor-version":[{"id":35903,"href":"https:\/\/experience.transat.com\/fr\/wp-json\/wp\/v2\/posts\/35738\/revisions\/35903"}],"wp:featuredmedia":[{"embeddable":true,"href":"https:\/\/experience.transat.com\/fr\/wp-json\/wp\/v2\/media\/35867"}],"wp:attachment":[{"href":"https:\/\/experience.transat.com\/fr\/wp-json\/wp\/v2\/media?parent=35738"}],"wp:term":[{"taxonomy":"category","embeddable":true,"href":"https:\/\/experience.transat.com\/fr\/wp-json\/wp\/v2\/categories?post=35738"},{"taxonomy":"post_tag","embeddable":true,"href":"https:\/\/experience.transat.com\/fr\/wp-json\/wp\/v2\/tags?post=35738"},{"taxonomy":"destinations","embeddable":true,"href":"https:\/\/experience.transat.com\/fr\/wp-json\/wp\/v2\/destinations?post=35738"},{"taxonomy":"travel-themes","embeddable":true,"href":"https:\/\/experience.transat.com\/fr\/wp-json\/wp\/v2\/travel-themes?post=35738"},{"taxonomy":"segments","embeddable":true,"href":"https:\/\/experience.transat.com\/fr\/wp-json\/wp\/v2\/segments?post=35738"}],"curies":[{"name":"wp","href":"https:\/\/api.w.org\/{rel}","templated":true}]}}